{"id":4575,"date":"2014-10-26T19:25:06","date_gmt":"2014-10-26T17:25:06","guid":{"rendered":"http:\/\/dvdwebz.es\/blog\/?p=4575"},"modified":"2014-10-26T19:25:06","modified_gmt":"2014-10-26T17:25:06","slug":"mestalla","status":"publish","type":"post","link":"https:\/\/davidchanza.es\/blog\/2014\/10\/26\/mestalla\/","title":{"rendered":"Mestalla"},"content":{"rendered":"<p style=\"text-align: center;\">\u00a0<a title=\"Mestalla by David Chanz\u00e1 T\u00e9llez, on Flickr\" href=\"https:\/\/www.flickr.com\/photos\/dvdwebz\/15630901751\"><img loading=\"lazy\" decoding=\"async\" alt=\"Mestalla\" src=\"https:\/\/farm4.staticflickr.com\/3933\/15630901751_d1613d6724_z.jpg\" width=\"640\" height=\"188\" \/><\/a><\/p>\n<p>Despu\u00e9s de que el pasado a\u00f1o el viejo San Mames pasara a mejor vida, <strong>Mestalla<\/strong>, el estadio del <strong>Valencia CF<\/strong> es el campo m\u00e1s antiguo de primera divisi\u00f3n.<\/p>\n<p>Desde la entrada de la actual directiva, Mestalla ha recibido un <strong>cambio brutal de imagen<\/strong>. Fuera ha sido pintado y ya no es esa monta\u00f1a de cemento que hab\u00eda en pleno Blasco Iba\u00f1ez. Pero donde realmente ha cambiado es por dentro.<\/p>\n<p>Aprovechando el partido de ayer contra el Elche fui con tiempo a Mestalla y pude hacer una de esas fotos panor\u00e1micas que tanto me gustan, lo bueno, poca gente dentro del campo y se logra captar toda la <strong>esencia<\/strong> del nuevo viejo Mestalla.<\/p>\n","protected":false},"excerpt":{"rendered":"<p>\u00a0 Despu\u00e9s de que el pasado a\u00f1o el viejo San Mames pasara a mejor vida, Mestalla, el estadio del Valencia CF es el campo m\u00e1s antiguo de primera divisi\u00f3n. Desde la entrada de la actual directiva, Mestalla ha recibido un cambio brutal de imagen. Fuera ha sido pintado y ya no es esa monta\u00f1a de [&hellip;]<\/p>\n","protected":false},"author":1,"featured_media":0,"comment_status":"open","ping_status":"open","sticky":false,"template":"","format":"standard","meta":{"footnotes":""},"categories":[7],"tags":[],"class_list":["post-4575","post","type-post","status-publish","format-standard","hentry","category-no-hay-rival-pequeno"],"yoast_head":"<!-- This site is optimized with the Yoast SEO plugin v23.8 - https:\/\/yoast.com\/wordpress\/plugins\/seo\/ -->\n<title>Mestalla - David Chanz\u00e1 T\u00e9llez<\/title>\n<meta name=\"robots\" content=\"index, follow, max-snippet:-1, max-image-preview:large, max-video-preview:-1\" \/>\n<link rel=\"canonical\" href=\"https:\/\/davidchanza.es\/blog\/2014\/10\/26\/mestalla\/\" \/>\n<meta property=\"og:locale\" content=\"es_ES\" \/>\n<meta property=\"og:type\" content=\"article\" \/>\n<meta property=\"og:title\" content=\"Mestalla - David Chanz\u00e1 T\u00e9llez\" \/>\n<meta property=\"og:description\" content=\"\u00a0 Despu\u00e9s de que el pasado a\u00f1o el viejo San Mames pasara a mejor vida, Mestalla, el estadio del Valencia CF es el campo m\u00e1s antiguo de primera divisi\u00f3n. Desde la entrada de la actual directiva, Mestalla ha recibido un cambio brutal de imagen. Fuera ha sido pintado y ya no es esa monta\u00f1a de [&hellip;]\" \/>\n<meta property=\"og:url\" content=\"https:\/\/davidchanza.es\/blog\/2014\/10\/26\/mestalla\/\" \/>\n<meta property=\"og:site_name\" content=\"David Chanz\u00e1 T\u00e9llez\" \/>\n<meta property=\"article:published_time\" content=\"2014-10-26T17:25:06+00:00\" \/>\n<meta property=\"og:image\" content=\"https:\/\/farm4.staticflickr.com\/3933\/15630901751_d1613d6724_z.jpg\" \/>\n<meta name=\"author\" content=\"David Chanz\u00e1 T\u00e9llez\" \/>\n<meta name=\"twitter:card\" content=\"summary_large_image\" \/>\n<meta name=\"twitter:creator\" content=\"@davidchanza\" \/>\n<meta name=\"twitter:site\" content=\"@davidchanza\" \/>\n<meta name=\"twitter:label1\" content=\"Escrito por\" \/>\n\t<meta name=\"twitter:data1\" content=\"David Chanz\u00e1 T\u00e9llez\" \/>\n\t<meta name=\"twitter:label2\" content=\"Tiempo de lectura\" \/>\n\t<meta name=\"twitter:data2\" content=\"1 minuto\" \/>\n<script type=\"application\/ld+json\" class=\"yoast-schema-graph\">{\"@context\":\"https:\/\/schema.org\",\"@graph\":[{\"@type\":\"Article\",\"@id\":\"https:\/\/davidchanza.es\/blog\/2014\/10\/26\/mestalla\/#article\",\"isPartOf\":{\"@id\":\"https:\/\/davidchanza.es\/blog\/2014\/10\/26\/mestalla\/\"},\"author\":{\"name\":\"David Chanz\u00e1 T\u00e9llez\",\"@id\":\"https:\/\/davidchanza.es\/blog\/#\/schema\/person\/344c7edff3a3f494fbaab0a0be411229\"},\"headline\":\"Mestalla\",\"datePublished\":\"2014-10-26T17:25:06+00:00\",\"dateModified\":\"2014-10-26T17:25:06+00:00\",\"mainEntityOfPage\":{\"@id\":\"https:\/\/davidchanza.es\/blog\/2014\/10\/26\/mestalla\/\"},\"wordCount\":121,\"commentCount\":0,\"publisher\":{\"@id\":\"https:\/\/davidchanza.es\/blog\/#\/schema\/person\/344c7edff3a3f494fbaab0a0be411229\"},\"image\":{\"@id\":\"https:\/\/davidchanza.es\/blog\/2014\/10\/26\/mestalla\/#primaryimage\"},\"thumbnailUrl\":\"https:\/\/farm4.staticflickr.com\/3933\/15630901751_d1613d6724_z.jpg\",\"articleSection\":[\"No hay rival peque\u00f1o\"],\"inLanguage\":\"es\",\"potentialAction\":[{\"@type\":\"CommentAction\",\"name\":\"Comment\",\"target\":[\"https:\/\/davidchanza.es\/blog\/2014\/10\/26\/mestalla\/#respond\"]}]},{\"@type\":\"WebPage\",\"@id\":\"https:\/\/davidchanza.es\/blog\/2014\/10\/26\/mestalla\/\",\"url\":\"https:\/\/davidchanza.es\/blog\/2014\/10\/26\/mestalla\/\",\"name\":\"Mestalla - David Chanz\u00e1 T\u00e9llez\",\"isPartOf\":{\"@id\":\"https:\/\/davidchanza.es\/blog\/#website\"},\"primaryImageOfPage\":{\"@id\":\"https:\/\/davidchanza.es\/blog\/2014\/10\/26\/mestalla\/#primaryimage\"},\"image\":{\"@id\":\"https:\/\/davidchanza.es\/blog\/2014\/10\/26\/mestalla\/#primaryimage\"},\"thumbnailUrl\":\"https:\/\/farm4.staticflickr.com\/3933\/15630901751_d1613d6724_z.jpg\",\"datePublished\":\"2014-10-26T17:25:06+00:00\",\"dateModified\":\"2014-10-26T17:25:06+00:00\",\"breadcrumb\":{\"@id\":\"https:\/\/davidchanza.es\/blog\/2014\/10\/26\/mestalla\/#breadcrumb\"},\"inLanguage\":\"es\",\"potentialAction\":[{\"@type\":\"ReadAction\",\"target\":[\"https:\/\/davidchanza.es\/blog\/2014\/10\/26\/mestalla\/\"]}]},{\"@type\":\"ImageObject\",\"inLanguage\":\"es\",\"@id\":\"https:\/\/davidchanza.es\/blog\/2014\/10\/26\/mestalla\/#primaryimage\",\"url\":\"https:\/\/farm4.staticflickr.com\/3933\/15630901751_d1613d6724_z.jpg\",\"contentUrl\":\"https:\/\/farm4.staticflickr.com\/3933\/15630901751_d1613d6724_z.jpg\"},{\"@type\":\"BreadcrumbList\",\"@id\":\"https:\/\/davidchanza.es\/blog\/2014\/10\/26\/mestalla\/#breadcrumb\",\"itemListElement\":[{\"@type\":\"ListItem\",\"position\":1,\"name\":\"Portada\",\"item\":\"https:\/\/davidchanza.es\/blog\/\"},{\"@type\":\"ListItem\",\"position\":2,\"name\":\"Mestalla\"}]},{\"@type\":\"WebSite\",\"@id\":\"https:\/\/davidchanza.es\/blog\/#website\",\"url\":\"https:\/\/davidchanza.es\/blog\/\",\"name\":\"David Chanz\u00e1 T\u00e9llez\",\"description\":\"Creando futuros Agassis &amp; Steffis, Lacustre, NBA MVP, zapatillero, viciado musical, web jedi y JUG\u00d3N.\",\"publisher\":{\"@id\":\"https:\/\/davidchanza.es\/blog\/#\/schema\/person\/344c7edff3a3f494fbaab0a0be411229\"},\"potentialAction\":[{\"@type\":\"SearchAction\",\"target\":{\"@type\":\"EntryPoint\",\"urlTemplate\":\"https:\/\/davidchanza.es\/blog\/?s={search_term_string}\"},\"query-input\":{\"@type\":\"PropertyValueSpecification\",\"valueRequired\":true,\"valueName\":\"search_term_string\"}}],\"inLanguage\":\"es\"},{\"@type\":[\"Person\",\"Organization\"],\"@id\":\"https:\/\/davidchanza.es\/blog\/#\/schema\/person\/344c7edff3a3f494fbaab0a0be411229\",\"name\":\"David Chanz\u00e1 T\u00e9llez\",\"image\":{\"@type\":\"ImageObject\",\"inLanguage\":\"es\",\"@id\":\"https:\/\/davidchanza.es\/blog\/#\/schema\/person\/image\/\",\"url\":\"https:\/\/davidchanza.es\/blog\/wp-content\/uploads\/cropped-logo.jpg\",\"contentUrl\":\"https:\/\/davidchanza.es\/blog\/wp-content\/uploads\/cropped-logo.jpg\",\"width\":512,\"height\":512,\"caption\":\"David Chanz\u00e1 T\u00e9llez\"},\"logo\":{\"@id\":\"https:\/\/davidchanza.es\/blog\/#\/schema\/person\/image\/\"},\"sameAs\":[\"http:\/\/davidchanza.es\",\"https:\/\/instagram.com\/davidchanza\",\"https:\/\/x.com\/davidchanza\"],\"url\":\"https:\/\/davidchanza.es\/blog\/author\/david\/\"}]}<\/script>\n<!-- \/ Yoast SEO plugin. -->","yoast_head_json":{"title":"Mestalla - David Chanz\u00e1 T\u00e9llez","robots":{"index":"index","follow":"follow","max-snippet":"max-snippet:-1","max-image-preview":"max-image-preview:large","max-video-preview":"max-video-preview:-1"},"canonical":"https:\/\/davidchanza.es\/blog\/2014\/10\/26\/mestalla\/","og_locale":"es_ES","og_type":"article","og_title":"Mestalla - David Chanz\u00e1 T\u00e9llez","og_description":"\u00a0 Despu\u00e9s de que el pasado a\u00f1o el viejo San Mames pasara a mejor vida, Mestalla, el estadio del Valencia CF es el campo m\u00e1s antiguo de primera divisi\u00f3n. Desde la entrada de la actual directiva, Mestalla ha recibido un cambio brutal de imagen. Fuera ha sido pintado y ya no es esa monta\u00f1a de [&hellip;]","og_url":"https:\/\/davidchanza.es\/blog\/2014\/10\/26\/mestalla\/","og_site_name":"David Chanz\u00e1 T\u00e9llez","article_published_time":"2014-10-26T17:25:06+00:00","og_image":[{"url":"https:\/\/farm4.staticflickr.com\/3933\/15630901751_d1613d6724_z.jpg"}],"author":"David Chanz\u00e1 T\u00e9llez","twitter_card":"summary_large_image","twitter_creator":"@davidchanza","twitter_site":"@davidchanza","twitter_misc":{"Escrito por":"David Chanz\u00e1 T\u00e9llez","Tiempo de lectura":"1 minuto"},"schema":{"@context":"https:\/\/schema.org","@graph":[{"@type":"Article","@id":"https:\/\/davidchanza.es\/blog\/2014\/10\/26\/mestalla\/#article","isPartOf":{"@id":"https:\/\/davidchanza.es\/blog\/2014\/10\/26\/mestalla\/"},"author":{"name":"David Chanz\u00e1 T\u00e9llez","@id":"https:\/\/davidchanza.es\/blog\/#\/schema\/person\/344c7edff3a3f494fbaab0a0be411229"},"headline":"Mestalla","datePublished":"2014-10-26T17:25:06+00:00","dateModified":"2014-10-26T17:25:06+00:00","mainEntityOfPage":{"@id":"https:\/\/davidchanza.es\/blog\/2014\/10\/26\/mestalla\/"},"wordCount":121,"commentCount":0,"publisher":{"@id":"https:\/\/davidchanza.es\/blog\/#\/schema\/person\/344c7edff3a3f494fbaab0a0be411229"},"image":{"@id":"https:\/\/davidchanza.es\/blog\/2014\/10\/26\/mestalla\/#primaryimage"},"thumbnailUrl":"https:\/\/farm4.staticflickr.com\/3933\/15630901751_d1613d6724_z.jpg","articleSection":["No hay rival peque\u00f1o"],"inLanguage":"es","potentialAction":[{"@type":"CommentAction","name":"Comment","target":["https:\/\/davidchanza.es\/blog\/2014\/10\/26\/mestalla\/#respond"]}]},{"@type":"WebPage","@id":"https:\/\/davidchanza.es\/blog\/2014\/10\/26\/mestalla\/","url":"https:\/\/davidchanza.es\/blog\/2014\/10\/26\/mestalla\/","name":"Mestalla - David Chanz\u00e1 T\u00e9llez","isPartOf":{"@id":"https:\/\/davidchanza.es\/blog\/#website"},"primaryImageOfPage":{"@id":"https:\/\/davidchanza.es\/blog\/2014\/10\/26\/mestalla\/#primaryimage"},"image":{"@id":"https:\/\/davidchanza.es\/blog\/2014\/10\/26\/mestalla\/#primaryimage"},"thumbnailUrl":"https:\/\/farm4.staticflickr.com\/3933\/15630901751_d1613d6724_z.jpg","datePublished":"2014-10-26T17:25:06+00:00","dateModified":"2014-10-26T17:25:06+00:00","breadcrumb":{"@id":"https:\/\/davidchanza.es\/blog\/2014\/10\/26\/mestalla\/#breadcrumb"},"inLanguage":"es","potentialAction":[{"@type":"ReadAction","target":["https:\/\/davidchanza.es\/blog\/2014\/10\/26\/mestalla\/"]}]},{"@type":"ImageObject","inLanguage":"es","@id":"https:\/\/davidchanza.es\/blog\/2014\/10\/26\/mestalla\/#primaryimage","url":"https:\/\/farm4.staticflickr.com\/3933\/15630901751_d1613d6724_z.jpg","contentUrl":"https:\/\/farm4.staticflickr.com\/3933\/15630901751_d1613d6724_z.jpg"},{"@type":"BreadcrumbList","@id":"https:\/\/davidchanza.es\/blog\/2014\/10\/26\/mestalla\/#breadcrumb","itemListElement":[{"@type":"ListItem","position":1,"name":"Portada","item":"https:\/\/davidchanza.es\/blog\/"},{"@type":"ListItem","position":2,"name":"Mestalla"}]},{"@type":"WebSite","@id":"https:\/\/davidchanza.es\/blog\/#website","url":"https:\/\/davidchanza.es\/blog\/","name":"David Chanz\u00e1 T\u00e9llez","description":"Creando futuros Agassis &amp; Steffis, Lacustre, NBA MVP, zapatillero, viciado musical, web jedi y JUG\u00d3N.","publisher":{"@id":"https:\/\/davidchanza.es\/blog\/#\/schema\/person\/344c7edff3a3f494fbaab0a0be411229"},"potentialAction":[{"@type":"SearchAction","target":{"@type":"EntryPoint","urlTemplate":"https:\/\/davidchanza.es\/blog\/?s={search_term_string}"},"query-input":{"@type":"PropertyValueSpecification","valueRequired":true,"valueName":"search_term_string"}}],"inLanguage":"es"},{"@type":["Person","Organization"],"@id":"https:\/\/davidchanza.es\/blog\/#\/schema\/person\/344c7edff3a3f494fbaab0a0be411229","name":"David Chanz\u00e1 T\u00e9llez","image":{"@type":"ImageObject","inLanguage":"es","@id":"https:\/\/davidchanza.es\/blog\/#\/schema\/person\/image\/","url":"https:\/\/davidchanza.es\/blog\/wp-content\/uploads\/cropped-logo.jpg","contentUrl":"https:\/\/davidchanza.es\/blog\/wp-content\/uploads\/cropped-logo.jpg","width":512,"height":512,"caption":"David Chanz\u00e1 T\u00e9llez"},"logo":{"@id":"https:\/\/davidchanza.es\/blog\/#\/schema\/person\/image\/"},"sameAs":["http:\/\/davidchanza.es","https:\/\/instagram.com\/davidchanza","https:\/\/x.com\/davidchanza"],"url":"https:\/\/davidchanza.es\/blog\/author\/david\/"}]}},"_links":{"self":[{"href":"https:\/\/davidchanza.es\/blog\/wp-json\/wp\/v2\/posts\/4575","targetHints":{"allow":["GET"]}}],"collection":[{"href":"https:\/\/davidchanza.es\/blog\/wp-json\/wp\/v2\/posts"}],"about":[{"href":"https:\/\/davidchanza.es\/blog\/wp-json\/wp\/v2\/types\/post"}],"author":[{"embeddable":true,"href":"https:\/\/davidchanza.es\/blog\/wp-json\/wp\/v2\/users\/1"}],"replies":[{"embeddable":true,"href":"https:\/\/davidchanza.es\/blog\/wp-json\/wp\/v2\/comments?post=4575"}],"version-history":[{"count":1,"href":"https:\/\/davidchanza.es\/blog\/wp-json\/wp\/v2\/posts\/4575\/revisions"}],"predecessor-version":[{"id":4576,"href":"https:\/\/davidchanza.es\/blog\/wp-json\/wp\/v2\/posts\/4575\/revisions\/4576"}],"wp:attachment":[{"href":"https:\/\/davidchanza.es\/blog\/wp-json\/wp\/v2\/media?parent=4575"}],"wp:term":[{"taxonomy":"category","embeddable":true,"href":"https:\/\/davidchanza.es\/blog\/wp-json\/wp\/v2\/categories?post=4575"},{"taxonomy":"post_tag","embeddable":true,"href":"https:\/\/davidchanza.es\/blog\/wp-json\/wp\/v2\/tags?post=4575"}],"curies":[{"name":"wp","href":"https:\/\/api.w.org\/{rel}","templated":true}]}}