{"id":4330,"date":"2013-11-26T12:21:43","date_gmt":"2013-11-26T10:21:43","guid":{"rendered":"http:\/\/dvdwebz.es\/blog\/?p=4330"},"modified":"2013-11-26T00:47:44","modified_gmt":"2013-11-25T22:47:44","slug":"la-taula-esportiva","status":"publish","type":"post","link":"https:\/\/davidchanza.es\/blog\/2013\/11\/26\/la-taula-esportiva\/","title":{"rendered":"La Taula Esportiva"},"content":{"rendered":"<p><a href=\"https:\/\/davidchanza.new\/blog\/wp-content\/uploads\/taula-esportiva.jpg\"><img loading=\"lazy\" decoding=\"async\" class=\"aligncenter size-full wp-image-4331\" alt=\"La Taula Esportiva\" src=\"https:\/\/davidchanza.new\/blog\/wp-content\/uploads\/taula-esportiva.jpg\" width=\"460\" height=\"305\" srcset=\"https:\/\/davidchanza.es\/blog\/wp-content\/uploads\/taula-esportiva.jpg 460w, https:\/\/davidchanza.es\/blog\/wp-content\/uploads\/taula-esportiva-300x198.jpg 300w\" sizes=\"auto, (max-width: 460px) 100vw, 460px\" \/><\/a><\/p>\n<p>Si los tiempos se cumplen como parece que as\u00ed va a ser, esta misma semana se va a cerrar <strong>RTVV<\/strong>, una decisi\u00f3n sin precedentes en la cual pues tampoco me voy a meter la verdad, pero algo verdaderamente tremendo.<\/p>\n<p>Dentro de RTVV se encuentra <strong>Radio Nou<\/strong> (ahora Nou Radio&#8230;), de la cual he sido oyente de su programaci\u00f3n deportiva desde hace muchos muchos a\u00f1os, sobre todo de <strong>La Taula Esportiva<\/strong>.<\/p>\n<p>Este programa de radio, que en diciembre iba a cumplir 15 a\u00f1os, ha acompa\u00f1ado noche tras noche a todo el mundo valencianista. Yo la pill\u00e9 en su d\u00eda con la m\u00edtica sinton\u00eda de Star Wars y con<strong> Josep Rovira<\/strong> de presentador. Por ah\u00ed han pasado el m\u00edtico <strong>Dami\u00e0 Vidagany<\/strong> y despu\u00e9s <strong>Fran Guaita<\/strong>, haciendo del programa toda una referencia del mundo del valencianismo y sobre todo cuando se ampli\u00f3 a dos horas y se introdujo la m\u00edtica tertulia. En la actualidad si soy sincero, no me gusta nada como lo lleva el actual presentador y si algo me ha hecho seguir escuch\u00e1ndola es la informaci\u00f3n y la tertulia, si algo hubiera cambiado, yo tampoco hubiera seguido.<\/p>\n<p>De forma paralela, con el cierre de Radio Nou se ir\u00e1n <strong>las m\u00edticas retransmisiones de Rovira<\/strong>, sin duda alguna lo que m\u00e1s echar\u00e9 de menos.<\/p>\n<p>Ahora, viene el tiempo de buscar alternativas e intentar conseguir y lograr algo que se acerque a lo que ya ten\u00eda.<\/p>\n<p>Fue bonito mientras dur\u00f3, gr\u00e0cies.<\/p>\n","protected":false},"excerpt":{"rendered":"<p>Si los tiempos se cumplen como parece que as\u00ed va a ser, esta misma semana se va a cerrar RTVV, una decisi\u00f3n sin precedentes en la cual pues tampoco me voy a meter la verdad, pero algo verdaderamente tremendo. Dentro de RTVV se encuentra Radio Nou (ahora Nou Radio&#8230;), de la cual he sido oyente [&hellip;]<\/p>\n","protected":false},"author":1,"featured_media":0,"comment_status":"open","ping_status":"open","sticky":false,"template":"","format":"standard","meta":{"footnotes":""},"categories":[7],"tags":[],"class_list":["post-4330","post","type-post","status-publish","format-standard","hentry","category-no-hay-rival-pequeno"],"yoast_head":"<!-- This site is optimized with the Yoast SEO plugin v23.8 - https:\/\/yoast.com\/wordpress\/plugins\/seo\/ -->\n<title>La Taula Esportiva - David Chanz\u00e1 T\u00e9llez<\/title>\n<meta name=\"robots\" content=\"index, follow, max-snippet:-1, max-image-preview:large, max-video-preview:-1\" \/>\n<link rel=\"canonical\" href=\"https:\/\/davidchanza.es\/blog\/2013\/11\/26\/la-taula-esportiva\/\" \/>\n<meta property=\"og:locale\" content=\"es_ES\" \/>\n<meta property=\"og:type\" content=\"article\" \/>\n<meta property=\"og:title\" content=\"La Taula Esportiva - David Chanz\u00e1 T\u00e9llez\" \/>\n<meta property=\"og:description\" content=\"Si los tiempos se cumplen como parece que as\u00ed va a ser, esta misma semana se va a cerrar RTVV, una decisi\u00f3n sin precedentes en la cual pues tampoco me voy a meter la verdad, pero algo verdaderamente tremendo. Dentro de RTVV se encuentra Radio Nou (ahora Nou Radio&#8230;), de la cual he sido oyente [&hellip;]\" \/>\n<meta property=\"og:url\" content=\"https:\/\/davidchanza.es\/blog\/2013\/11\/26\/la-taula-esportiva\/\" \/>\n<meta property=\"og:site_name\" content=\"David Chanz\u00e1 T\u00e9llez\" \/>\n<meta property=\"article:published_time\" content=\"2013-11-26T10:21:43+00:00\" \/>\n<meta property=\"article:modified_time\" content=\"2013-11-25T22:47:44+00:00\" \/>\n<meta property=\"og:image\" content=\"https:\/\/davidchanza.new\/blog\/wp-content\/uploads\/taula-esportiva.jpg\" \/>\n<meta name=\"author\" content=\"David Chanz\u00e1 T\u00e9llez\" \/>\n<meta name=\"twitter:card\" content=\"summary_large_image\" \/>\n<meta name=\"twitter:creator\" content=\"@davidchanza\" \/>\n<meta name=\"twitter:site\" content=\"@davidchanza\" \/>\n<meta name=\"twitter:label1\" content=\"Escrito por\" \/>\n\t<meta name=\"twitter:data1\" content=\"David Chanz\u00e1 T\u00e9llez\" \/>\n\t<meta name=\"twitter:label2\" content=\"Tiempo de lectura\" \/>\n\t<meta name=\"twitter:data2\" content=\"1 minuto\" \/>\n<script type=\"application\/ld+json\" class=\"yoast-schema-graph\">{\"@context\":\"https:\/\/schema.org\",\"@graph\":[{\"@type\":\"Article\",\"@id\":\"https:\/\/davidchanza.es\/blog\/2013\/11\/26\/la-taula-esportiva\/#article\",\"isPartOf\":{\"@id\":\"https:\/\/davidchanza.es\/blog\/2013\/11\/26\/la-taula-esportiva\/\"},\"author\":{\"name\":\"David Chanz\u00e1 T\u00e9llez\",\"@id\":\"https:\/\/davidchanza.es\/blog\/#\/schema\/person\/344c7edff3a3f494fbaab0a0be411229\"},\"headline\":\"La Taula Esportiva\",\"datePublished\":\"2013-11-26T10:21:43+00:00\",\"dateModified\":\"2013-11-25T22:47:44+00:00\",\"mainEntityOfPage\":{\"@id\":\"https:\/\/davidchanza.es\/blog\/2013\/11\/26\/la-taula-esportiva\/\"},\"wordCount\":257,\"commentCount\":2,\"publisher\":{\"@id\":\"https:\/\/davidchanza.es\/blog\/#\/schema\/person\/344c7edff3a3f494fbaab0a0be411229\"},\"image\":{\"@id\":\"https:\/\/davidchanza.es\/blog\/2013\/11\/26\/la-taula-esportiva\/#primaryimage\"},\"thumbnailUrl\":\"https:\/\/davidchanza.new\/blog\/wp-content\/uploads\/taula-esportiva.jpg\",\"articleSection\":[\"No hay rival peque\u00f1o\"],\"inLanguage\":\"es\",\"potentialAction\":[{\"@type\":\"CommentAction\",\"name\":\"Comment\",\"target\":[\"https:\/\/davidchanza.es\/blog\/2013\/11\/26\/la-taula-esportiva\/#respond\"]}]},{\"@type\":\"WebPage\",\"@id\":\"https:\/\/davidchanza.es\/blog\/2013\/11\/26\/la-taula-esportiva\/\",\"url\":\"https:\/\/davidchanza.es\/blog\/2013\/11\/26\/la-taula-esportiva\/\",\"name\":\"La Taula Esportiva - David Chanz\u00e1 T\u00e9llez\",\"isPartOf\":{\"@id\":\"https:\/\/davidchanza.es\/blog\/#website\"},\"primaryImageOfPage\":{\"@id\":\"https:\/\/davidchanza.es\/blog\/2013\/11\/26\/la-taula-esportiva\/#primaryimage\"},\"image\":{\"@id\":\"https:\/\/davidchanza.es\/blog\/2013\/11\/26\/la-taula-esportiva\/#primaryimage\"},\"thumbnailUrl\":\"https:\/\/davidchanza.new\/blog\/wp-content\/uploads\/taula-esportiva.jpg\",\"datePublished\":\"2013-11-26T10:21:43+00:00\",\"dateModified\":\"2013-11-25T22:47:44+00:00\",\"breadcrumb\":{\"@id\":\"https:\/\/davidchanza.es\/blog\/2013\/11\/26\/la-taula-esportiva\/#breadcrumb\"},\"inLanguage\":\"es\",\"potentialAction\":[{\"@type\":\"ReadAction\",\"target\":[\"https:\/\/davidchanza.es\/blog\/2013\/11\/26\/la-taula-esportiva\/\"]}]},{\"@type\":\"ImageObject\",\"inLanguage\":\"es\",\"@id\":\"https:\/\/davidchanza.es\/blog\/2013\/11\/26\/la-taula-esportiva\/#primaryimage\",\"url\":\"https:\/\/davidchanza.new\/blog\/wp-content\/uploads\/taula-esportiva.jpg\",\"contentUrl\":\"https:\/\/davidchanza.new\/blog\/wp-content\/uploads\/taula-esportiva.jpg\"},{\"@type\":\"BreadcrumbList\",\"@id\":\"https:\/\/davidchanza.es\/blog\/2013\/11\/26\/la-taula-esportiva\/#breadcrumb\",\"itemListElement\":[{\"@type\":\"ListItem\",\"position\":1,\"name\":\"Portada\",\"item\":\"https:\/\/davidchanza.es\/blog\/\"},{\"@type\":\"ListItem\",\"position\":2,\"name\":\"La Taula Esportiva\"}]},{\"@type\":\"WebSite\",\"@id\":\"https:\/\/davidchanza.es\/blog\/#website\",\"url\":\"https:\/\/davidchanza.es\/blog\/\",\"name\":\"David Chanz\u00e1 T\u00e9llez\",\"description\":\"Creando futuros Agassis &amp; Steffis, Lacustre, NBA MVP, zapatillero, viciado musical, web jedi y JUG\u00d3N.\",\"publisher\":{\"@id\":\"https:\/\/davidchanza.es\/blog\/#\/schema\/person\/344c7edff3a3f494fbaab0a0be411229\"},\"potentialAction\":[{\"@type\":\"SearchAction\",\"target\":{\"@type\":\"EntryPoint\",\"urlTemplate\":\"https:\/\/davidchanza.es\/blog\/?s={search_term_string}\"},\"query-input\":{\"@type\":\"PropertyValueSpecification\",\"valueRequired\":true,\"valueName\":\"search_term_string\"}}],\"inLanguage\":\"es\"},{\"@type\":[\"Person\",\"Organization\"],\"@id\":\"https:\/\/davidchanza.es\/blog\/#\/schema\/person\/344c7edff3a3f494fbaab0a0be411229\",\"name\":\"David Chanz\u00e1 T\u00e9llez\",\"image\":{\"@type\":\"ImageObject\",\"inLanguage\":\"es\",\"@id\":\"https:\/\/davidchanza.es\/blog\/#\/schema\/person\/image\/\",\"url\":\"https:\/\/davidchanza.es\/blog\/wp-content\/uploads\/cropped-logo.jpg\",\"contentUrl\":\"https:\/\/davidchanza.es\/blog\/wp-content\/uploads\/cropped-logo.jpg\",\"width\":512,\"height\":512,\"caption\":\"David Chanz\u00e1 T\u00e9llez\"},\"logo\":{\"@id\":\"https:\/\/davidchanza.es\/blog\/#\/schema\/person\/image\/\"},\"sameAs\":[\"http:\/\/davidchanza.es\",\"https:\/\/instagram.com\/davidchanza\",\"https:\/\/x.com\/davidchanza\"],\"url\":\"https:\/\/davidchanza.es\/blog\/author\/david\/\"}]}<\/script>\n<!-- \/ Yoast SEO plugin. -->","yoast_head_json":{"title":"La Taula Esportiva - David Chanz\u00e1 T\u00e9llez","robots":{"index":"index","follow":"follow","max-snippet":"max-snippet:-1","max-image-preview":"max-image-preview:large","max-video-preview":"max-video-preview:-1"},"canonical":"https:\/\/davidchanza.es\/blog\/2013\/11\/26\/la-taula-esportiva\/","og_locale":"es_ES","og_type":"article","og_title":"La Taula Esportiva - David Chanz\u00e1 T\u00e9llez","og_description":"Si los tiempos se cumplen como parece que as\u00ed va a ser, esta misma semana se va a cerrar RTVV, una decisi\u00f3n sin precedentes en la cual pues tampoco me voy a meter la verdad, pero algo verdaderamente tremendo. Dentro de RTVV se encuentra Radio Nou (ahora Nou Radio&#8230;), de la cual he sido oyente [&hellip;]","og_url":"https:\/\/davidchanza.es\/blog\/2013\/11\/26\/la-taula-esportiva\/","og_site_name":"David Chanz\u00e1 T\u00e9llez","article_published_time":"2013-11-26T10:21:43+00:00","article_modified_time":"2013-11-25T22:47:44+00:00","og_image":[{"url":"https:\/\/davidchanza.new\/blog\/wp-content\/uploads\/taula-esportiva.jpg"}],"author":"David Chanz\u00e1 T\u00e9llez","twitter_card":"summary_large_image","twitter_creator":"@davidchanza","twitter_site":"@davidchanza","twitter_misc":{"Escrito por":"David Chanz\u00e1 T\u00e9llez","Tiempo de lectura":"1 minuto"},"schema":{"@context":"https:\/\/schema.org","@graph":[{"@type":"Article","@id":"https:\/\/davidchanza.es\/blog\/2013\/11\/26\/la-taula-esportiva\/#article","isPartOf":{"@id":"https:\/\/davidchanza.es\/blog\/2013\/11\/26\/la-taula-esportiva\/"},"author":{"name":"David Chanz\u00e1 T\u00e9llez","@id":"https:\/\/davidchanza.es\/blog\/#\/schema\/person\/344c7edff3a3f494fbaab0a0be411229"},"headline":"La Taula Esportiva","datePublished":"2013-11-26T10:21:43+00:00","dateModified":"2013-11-25T22:47:44+00:00","mainEntityOfPage":{"@id":"https:\/\/davidchanza.es\/blog\/2013\/11\/26\/la-taula-esportiva\/"},"wordCount":257,"commentCount":2,"publisher":{"@id":"https:\/\/davidchanza.es\/blog\/#\/schema\/person\/344c7edff3a3f494fbaab0a0be411229"},"image":{"@id":"https:\/\/davidchanza.es\/blog\/2013\/11\/26\/la-taula-esportiva\/#primaryimage"},"thumbnailUrl":"https:\/\/davidchanza.new\/blog\/wp-content\/uploads\/taula-esportiva.jpg","articleSection":["No hay rival peque\u00f1o"],"inLanguage":"es","potentialAction":[{"@type":"CommentAction","name":"Comment","target":["https:\/\/davidchanza.es\/blog\/2013\/11\/26\/la-taula-esportiva\/#respond"]}]},{"@type":"WebPage","@id":"https:\/\/davidchanza.es\/blog\/2013\/11\/26\/la-taula-esportiva\/","url":"https:\/\/davidchanza.es\/blog\/2013\/11\/26\/la-taula-esportiva\/","name":"La Taula Esportiva - David Chanz\u00e1 T\u00e9llez","isPartOf":{"@id":"https:\/\/davidchanza.es\/blog\/#website"},"primaryImageOfPage":{"@id":"https:\/\/davidchanza.es\/blog\/2013\/11\/26\/la-taula-esportiva\/#primaryimage"},"image":{"@id":"https:\/\/davidchanza.es\/blog\/2013\/11\/26\/la-taula-esportiva\/#primaryimage"},"thumbnailUrl":"https:\/\/davidchanza.new\/blog\/wp-content\/uploads\/taula-esportiva.jpg","datePublished":"2013-11-26T10:21:43+00:00","dateModified":"2013-11-25T22:47:44+00:00","breadcrumb":{"@id":"https:\/\/davidchanza.es\/blog\/2013\/11\/26\/la-taula-esportiva\/#breadcrumb"},"inLanguage":"es","potentialAction":[{"@type":"ReadAction","target":["https:\/\/davidchanza.es\/blog\/2013\/11\/26\/la-taula-esportiva\/"]}]},{"@type":"ImageObject","inLanguage":"es","@id":"https:\/\/davidchanza.es\/blog\/2013\/11\/26\/la-taula-esportiva\/#primaryimage","url":"https:\/\/davidchanza.new\/blog\/wp-content\/uploads\/taula-esportiva.jpg","contentUrl":"https:\/\/davidchanza.new\/blog\/wp-content\/uploads\/taula-esportiva.jpg"},{"@type":"BreadcrumbList","@id":"https:\/\/davidchanza.es\/blog\/2013\/11\/26\/la-taula-esportiva\/#breadcrumb","itemListElement":[{"@type":"ListItem","position":1,"name":"Portada","item":"https:\/\/davidchanza.es\/blog\/"},{"@type":"ListItem","position":2,"name":"La Taula Esportiva"}]},{"@type":"WebSite","@id":"https:\/\/davidchanza.es\/blog\/#website","url":"https:\/\/davidchanza.es\/blog\/","name":"David Chanz\u00e1 T\u00e9llez","description":"Creando futuros Agassis &amp; Steffis, Lacustre, NBA MVP, zapatillero, viciado musical, web jedi y JUG\u00d3N.","publisher":{"@id":"https:\/\/davidchanza.es\/blog\/#\/schema\/person\/344c7edff3a3f494fbaab0a0be411229"},"potentialAction":[{"@type":"SearchAction","target":{"@type":"EntryPoint","urlTemplate":"https:\/\/davidchanza.es\/blog\/?s={search_term_string}"},"query-input":{"@type":"PropertyValueSpecification","valueRequired":true,"valueName":"search_term_string"}}],"inLanguage":"es"},{"@type":["Person","Organization"],"@id":"https:\/\/davidchanza.es\/blog\/#\/schema\/person\/344c7edff3a3f494fbaab0a0be411229","name":"David Chanz\u00e1 T\u00e9llez","image":{"@type":"ImageObject","inLanguage":"es","@id":"https:\/\/davidchanza.es\/blog\/#\/schema\/person\/image\/","url":"https:\/\/davidchanza.es\/blog\/wp-content\/uploads\/cropped-logo.jpg","contentUrl":"https:\/\/davidchanza.es\/blog\/wp-content\/uploads\/cropped-logo.jpg","width":512,"height":512,"caption":"David Chanz\u00e1 T\u00e9llez"},"logo":{"@id":"https:\/\/davidchanza.es\/blog\/#\/schema\/person\/image\/"},"sameAs":["http:\/\/davidchanza.es","https:\/\/instagram.com\/davidchanza","https:\/\/x.com\/davidchanza"],"url":"https:\/\/davidchanza.es\/blog\/author\/david\/"}]}},"_links":{"self":[{"href":"https:\/\/davidchanza.es\/blog\/wp-json\/wp\/v2\/posts\/4330","targetHints":{"allow":["GET"]}}],"collection":[{"href":"https:\/\/davidchanza.es\/blog\/wp-json\/wp\/v2\/posts"}],"about":[{"href":"https:\/\/davidchanza.es\/blog\/wp-json\/wp\/v2\/types\/post"}],"author":[{"embeddable":true,"href":"https:\/\/davidchanza.es\/blog\/wp-json\/wp\/v2\/users\/1"}],"replies":[{"embeddable":true,"href":"https:\/\/davidchanza.es\/blog\/wp-json\/wp\/v2\/comments?post=4330"}],"version-history":[{"count":1,"href":"https:\/\/davidchanza.es\/blog\/wp-json\/wp\/v2\/posts\/4330\/revisions"}],"predecessor-version":[{"id":4332,"href":"https:\/\/davidchanza.es\/blog\/wp-json\/wp\/v2\/posts\/4330\/revisions\/4332"}],"wp:attachment":[{"href":"https:\/\/davidchanza.es\/blog\/wp-json\/wp\/v2\/media?parent=4330"}],"wp:term":[{"taxonomy":"category","embeddable":true,"href":"https:\/\/davidchanza.es\/blog\/wp-json\/wp\/v2\/categories?post=4330"},{"taxonomy":"post_tag","embeddable":true,"href":"https:\/\/davidchanza.es\/blog\/wp-json\/wp\/v2\/tags?post=4330"}],"curies":[{"name":"wp","href":"https:\/\/api.w.org\/{rel}","templated":true}]}}