{"id":4304,"date":"2013-10-09T22:20:55","date_gmt":"2013-10-09T20:20:55","guid":{"rendered":"http:\/\/dvdwebz.es\/blog\/?p=4304"},"modified":"2013-10-09T22:20:55","modified_gmt":"2013-10-09T20:20:55","slug":"la-tele-que-veo","status":"publish","type":"post","link":"https:\/\/davidchanza.es\/blog\/2013\/10\/09\/la-tele-que-veo\/","title":{"rendered":"La tele que veo"},"content":{"rendered":"<p><a href=\"https:\/\/davidchanza.new\/blog\/wp-content\/uploads\/apple-appletv12-channels-lg.jpg\"><img loading=\"lazy\" decoding=\"async\" class=\"aligncenter size-large wp-image-4305\" alt=\"Apple TV\" src=\"https:\/\/davidchanza.new\/blog\/wp-content\/uploads\/apple-appletv12-channels-lg-600x408.jpg\" width=\"600\" height=\"408\" srcset=\"https:\/\/davidchanza.es\/blog\/wp-content\/uploads\/apple-appletv12-channels-lg-600x408.jpg 600w, https:\/\/davidchanza.es\/blog\/wp-content\/uploads\/apple-appletv12-channels-lg-300x204.jpg 300w, https:\/\/davidchanza.es\/blog\/wp-content\/uploads\/apple-appletv12-channels-lg-624x424.jpg 624w, https:\/\/davidchanza.es\/blog\/wp-content\/uploads\/apple-appletv12-channels-lg.jpg 1500w\" sizes=\"auto, (max-width: 600px) 100vw, 600px\" \/><\/a><\/p>\n<p>O tal vez tendr\u00eda que haber titulado el post como \u00ab<em>La tele que no veo<\/em>\u00ab, pero bueno, vamos all\u00e1. Desde hace ya bastante tiempo mi consumo televisivo (habla de tv como los canales que se pueden ver ahora en Espa\u00f1a) se ha visto menguado hasta niveles de Lentejita Boykins comparado con Yao Ming, es decir, nada o casi nada, motivos? muchos&#8230;<\/p>\n<p>El principal sobre todo es la falta de tiempo, pero a parte <strong>la oferta televisiva actual no me atrae nada<\/strong>. Hasta hace bien poco en casa apenas ve\u00edamos el Canal 24H y alg\u00fan que otro partido de <strong>f\u00fatbol<\/strong>, ahora ya ni eso, el <strong>Canal 24H<\/strong> se ha convertido en un panfleto y el f\u00fatbol o pasas por caja o b\u00e1sicamente no puedes ver nada. As\u00ed que, qu\u00e9 nos queda? muy f\u00e1cil, ver lo que uno quiere.<\/p>\n<p>Eso lo consigo con una combinaci\u00f3n m\u00e1gica llamada <strong>Apple TV + WD Live TV<\/strong>. El primero se trata del &#8216;hobbie&#8217; de Apple, un aparatito que es maravilloso para <strong>YouTube<\/strong> y para podcasts (y para alguna cosilla m\u00e1s&#8230;). As\u00ed que con una buena selecci\u00f3n de canales de YouTube, puedes tener a la carta una gran parte de la informaci\u00f3n\/entretenimiento que buscas. Si vais a <a href=\"http:\/\/www.youtube.com\/dvdwebz\">mi perfil de YouTube<\/a> podr\u00e9is encontrar un poco de todo, desde cosas infantiles para entretener a V, como tecnolog\u00eda como <strong>The Verge o Polygon<\/strong>, pasando por algo mega frik\u00f3n como el canal del gran <a href=\"http:\/\/www.youtube.com\/channel\/UCdKiRd0DhS-bEk1Cmc_DKKQ\"><strong>Borja<\/strong><\/a>&#8230; A partir de aqu\u00ed es buscar un poco y ya lo tienes. Despu\u00e9s est\u00e1 el apartado de Podcasts, que si tambi\u00e9n buscas bien, puedes tener programas semanales\/mensuales de gran calidad de los temas que m\u00e1s te gustan para ver cuando te de la gana, que es la clave en todo esto.<\/p>\n<p>El <a href=\"http:\/\/www.wdc.com\/sp\/products\/products.aspx?id=330\"><strong>WD Live TV<\/strong><\/a> es el gran contenedor de series\/pelis de la casa. Disco duro enchufado a \u00e9l y cuando hay tiempo para ver alguna serie o pel\u00edcula, tiramos de \u00e9l y todo perfecto, de nuevo vamos al ver contenido cuando yo quiera y no cuando me lo ofrecen.<\/p>\n<p>As\u00ed que esa es la tele que consumo. <strong>Mi televisi\u00f3n podr\u00eda estar perfectamente sin la antena conectada<\/strong> y no pasar\u00eda nada, de hecho, si os digo la verdad, no se ni en qu\u00e9 orden est\u00e1n puestos los canales, as\u00ed que a partir de ah\u00ed ya os pod\u00e9is hacer una idea.<\/p>\n<p>Adem\u00e1s, pienso que esto es el futuro o casi mejor dicho, el presente. <strong>Dame contenidos y d\u00e9jame verlos cuando yo quiera<\/strong>, eso es lo que la gente reclama y lo que acabar\u00e1 imponi\u00e9ndose.<\/p>\n","protected":false},"excerpt":{"rendered":"<p>O tal vez tendr\u00eda que haber titulado el post como \u00abLa tele que no veo\u00ab, pero bueno, vamos all\u00e1. Desde hace ya bastante tiempo mi consumo televisivo (habla de tv como los canales que se pueden ver ahora en Espa\u00f1a) se ha visto menguado hasta niveles de Lentejita Boykins comparado con Yao Ming, es decir, [&hellip;]<\/p>\n","protected":false},"author":1,"featured_media":0,"comment_status":"open","ping_status":"open","sticky":false,"template":"","format":"standard","meta":{"footnotes":""},"categories":[8],"tags":[],"class_list":["post-4304","post","type-post","status-publish","format-standard","hentry","category-home-cinema"],"yoast_head":"<!-- This site is optimized with the Yoast SEO plugin v23.8 - https:\/\/yoast.com\/wordpress\/plugins\/seo\/ -->\n<title>La tele que veo - David Chanz\u00e1 T\u00e9llez<\/title>\n<meta name=\"robots\" content=\"index, follow, max-snippet:-1, max-image-preview:large, max-video-preview:-1\" \/>\n<link rel=\"canonical\" href=\"https:\/\/davidchanza.es\/blog\/2013\/10\/09\/la-tele-que-veo\/\" \/>\n<meta property=\"og:locale\" content=\"es_ES\" \/>\n<meta property=\"og:type\" content=\"article\" \/>\n<meta property=\"og:title\" content=\"La tele que veo - David Chanz\u00e1 T\u00e9llez\" \/>\n<meta property=\"og:description\" content=\"O tal vez tendr\u00eda que haber titulado el post como \u00abLa tele que no veo\u00ab, pero bueno, vamos all\u00e1. Desde hace ya bastante tiempo mi consumo televisivo (habla de tv como los canales que se pueden ver ahora en Espa\u00f1a) se ha visto menguado hasta niveles de Lentejita Boykins comparado con Yao Ming, es decir, [&hellip;]\" \/>\n<meta property=\"og:url\" content=\"https:\/\/davidchanza.es\/blog\/2013\/10\/09\/la-tele-que-veo\/\" \/>\n<meta property=\"og:site_name\" content=\"David Chanz\u00e1 T\u00e9llez\" \/>\n<meta property=\"article:published_time\" content=\"2013-10-09T20:20:55+00:00\" \/>\n<meta property=\"og:image\" content=\"https:\/\/davidchanza.new\/blog\/wp-content\/uploads\/apple-appletv12-channels-lg-600x408.jpg\" \/>\n<meta name=\"author\" content=\"David Chanz\u00e1 T\u00e9llez\" \/>\n<meta name=\"twitter:card\" content=\"summary_large_image\" \/>\n<meta name=\"twitter:creator\" content=\"@davidchanza\" \/>\n<meta name=\"twitter:site\" content=\"@davidchanza\" \/>\n<meta name=\"twitter:label1\" content=\"Escrito por\" \/>\n\t<meta name=\"twitter:data1\" content=\"David Chanz\u00e1 T\u00e9llez\" \/>\n\t<meta name=\"twitter:label2\" content=\"Tiempo de lectura\" \/>\n\t<meta name=\"twitter:data2\" content=\"2 minutos\" \/>\n<script type=\"application\/ld+json\" class=\"yoast-schema-graph\">{\"@context\":\"https:\/\/schema.org\",\"@graph\":[{\"@type\":\"Article\",\"@id\":\"https:\/\/davidchanza.es\/blog\/2013\/10\/09\/la-tele-que-veo\/#article\",\"isPartOf\":{\"@id\":\"https:\/\/davidchanza.es\/blog\/2013\/10\/09\/la-tele-que-veo\/\"},\"author\":{\"name\":\"David Chanz\u00e1 T\u00e9llez\",\"@id\":\"https:\/\/davidchanza.es\/blog\/#\/schema\/person\/344c7edff3a3f494fbaab0a0be411229\"},\"headline\":\"La tele que veo\",\"datePublished\":\"2013-10-09T20:20:55+00:00\",\"dateModified\":\"2013-10-09T20:20:55+00:00\",\"mainEntityOfPage\":{\"@id\":\"https:\/\/davidchanza.es\/blog\/2013\/10\/09\/la-tele-que-veo\/\"},\"wordCount\":452,\"commentCount\":0,\"publisher\":{\"@id\":\"https:\/\/davidchanza.es\/blog\/#\/schema\/person\/344c7edff3a3f494fbaab0a0be411229\"},\"image\":{\"@id\":\"https:\/\/davidchanza.es\/blog\/2013\/10\/09\/la-tele-que-veo\/#primaryimage\"},\"thumbnailUrl\":\"https:\/\/davidchanza.new\/blog\/wp-content\/uploads\/apple-appletv12-channels-lg-600x408.jpg\",\"articleSection\":[\"Home Cinema\"],\"inLanguage\":\"es\",\"potentialAction\":[{\"@type\":\"CommentAction\",\"name\":\"Comment\",\"target\":[\"https:\/\/davidchanza.es\/blog\/2013\/10\/09\/la-tele-que-veo\/#respond\"]}]},{\"@type\":\"WebPage\",\"@id\":\"https:\/\/davidchanza.es\/blog\/2013\/10\/09\/la-tele-que-veo\/\",\"url\":\"https:\/\/davidchanza.es\/blog\/2013\/10\/09\/la-tele-que-veo\/\",\"name\":\"La tele que veo - David Chanz\u00e1 T\u00e9llez\",\"isPartOf\":{\"@id\":\"https:\/\/davidchanza.es\/blog\/#website\"},\"primaryImageOfPage\":{\"@id\":\"https:\/\/davidchanza.es\/blog\/2013\/10\/09\/la-tele-que-veo\/#primaryimage\"},\"image\":{\"@id\":\"https:\/\/davidchanza.es\/blog\/2013\/10\/09\/la-tele-que-veo\/#primaryimage\"},\"thumbnailUrl\":\"https:\/\/davidchanza.new\/blog\/wp-content\/uploads\/apple-appletv12-channels-lg-600x408.jpg\",\"datePublished\":\"2013-10-09T20:20:55+00:00\",\"dateModified\":\"2013-10-09T20:20:55+00:00\",\"breadcrumb\":{\"@id\":\"https:\/\/davidchanza.es\/blog\/2013\/10\/09\/la-tele-que-veo\/#breadcrumb\"},\"inLanguage\":\"es\",\"potentialAction\":[{\"@type\":\"ReadAction\",\"target\":[\"https:\/\/davidchanza.es\/blog\/2013\/10\/09\/la-tele-que-veo\/\"]}]},{\"@type\":\"ImageObject\",\"inLanguage\":\"es\",\"@id\":\"https:\/\/davidchanza.es\/blog\/2013\/10\/09\/la-tele-que-veo\/#primaryimage\",\"url\":\"https:\/\/davidchanza.new\/blog\/wp-content\/uploads\/apple-appletv12-channels-lg-600x408.jpg\",\"contentUrl\":\"https:\/\/davidchanza.new\/blog\/wp-content\/uploads\/apple-appletv12-channels-lg-600x408.jpg\"},{\"@type\":\"BreadcrumbList\",\"@id\":\"https:\/\/davidchanza.es\/blog\/2013\/10\/09\/la-tele-que-veo\/#breadcrumb\",\"itemListElement\":[{\"@type\":\"ListItem\",\"position\":1,\"name\":\"Portada\",\"item\":\"https:\/\/davidchanza.es\/blog\/\"},{\"@type\":\"ListItem\",\"position\":2,\"name\":\"La tele que veo\"}]},{\"@type\":\"WebSite\",\"@id\":\"https:\/\/davidchanza.es\/blog\/#website\",\"url\":\"https:\/\/davidchanza.es\/blog\/\",\"name\":\"David Chanz\u00e1 T\u00e9llez\",\"description\":\"Creando futuros Agassis &amp; Steffis, Lacustre, NBA MVP, zapatillero, viciado musical, web jedi y JUG\u00d3N.\",\"publisher\":{\"@id\":\"https:\/\/davidchanza.es\/blog\/#\/schema\/person\/344c7edff3a3f494fbaab0a0be411229\"},\"potentialAction\":[{\"@type\":\"SearchAction\",\"target\":{\"@type\":\"EntryPoint\",\"urlTemplate\":\"https:\/\/davidchanza.es\/blog\/?s={search_term_string}\"},\"query-input\":{\"@type\":\"PropertyValueSpecification\",\"valueRequired\":true,\"valueName\":\"search_term_string\"}}],\"inLanguage\":\"es\"},{\"@type\":[\"Person\",\"Organization\"],\"@id\":\"https:\/\/davidchanza.es\/blog\/#\/schema\/person\/344c7edff3a3f494fbaab0a0be411229\",\"name\":\"David Chanz\u00e1 T\u00e9llez\",\"image\":{\"@type\":\"ImageObject\",\"inLanguage\":\"es\",\"@id\":\"https:\/\/davidchanza.es\/blog\/#\/schema\/person\/image\/\",\"url\":\"https:\/\/davidchanza.es\/blog\/wp-content\/uploads\/cropped-logo.jpg\",\"contentUrl\":\"https:\/\/davidchanza.es\/blog\/wp-content\/uploads\/cropped-logo.jpg\",\"width\":512,\"height\":512,\"caption\":\"David Chanz\u00e1 T\u00e9llez\"},\"logo\":{\"@id\":\"https:\/\/davidchanza.es\/blog\/#\/schema\/person\/image\/\"},\"sameAs\":[\"http:\/\/davidchanza.es\",\"https:\/\/instagram.com\/davidchanza\",\"https:\/\/x.com\/davidchanza\"],\"url\":\"https:\/\/davidchanza.es\/blog\/author\/david\/\"}]}<\/script>\n<!-- \/ Yoast SEO plugin. -->","yoast_head_json":{"title":"La tele que veo - David Chanz\u00e1 T\u00e9llez","robots":{"index":"index","follow":"follow","max-snippet":"max-snippet:-1","max-image-preview":"max-image-preview:large","max-video-preview":"max-video-preview:-1"},"canonical":"https:\/\/davidchanza.es\/blog\/2013\/10\/09\/la-tele-que-veo\/","og_locale":"es_ES","og_type":"article","og_title":"La tele que veo - David Chanz\u00e1 T\u00e9llez","og_description":"O tal vez tendr\u00eda que haber titulado el post como \u00abLa tele que no veo\u00ab, pero bueno, vamos all\u00e1. Desde hace ya bastante tiempo mi consumo televisivo (habla de tv como los canales que se pueden ver ahora en Espa\u00f1a) se ha visto menguado hasta niveles de Lentejita Boykins comparado con Yao Ming, es decir, [&hellip;]","og_url":"https:\/\/davidchanza.es\/blog\/2013\/10\/09\/la-tele-que-veo\/","og_site_name":"David Chanz\u00e1 T\u00e9llez","article_published_time":"2013-10-09T20:20:55+00:00","og_image":[{"url":"https:\/\/davidchanza.new\/blog\/wp-content\/uploads\/apple-appletv12-channels-lg-600x408.jpg"}],"author":"David Chanz\u00e1 T\u00e9llez","twitter_card":"summary_large_image","twitter_creator":"@davidchanza","twitter_site":"@davidchanza","twitter_misc":{"Escrito por":"David Chanz\u00e1 T\u00e9llez","Tiempo de lectura":"2 minutos"},"schema":{"@context":"https:\/\/schema.org","@graph":[{"@type":"Article","@id":"https:\/\/davidchanza.es\/blog\/2013\/10\/09\/la-tele-que-veo\/#article","isPartOf":{"@id":"https:\/\/davidchanza.es\/blog\/2013\/10\/09\/la-tele-que-veo\/"},"author":{"name":"David Chanz\u00e1 T\u00e9llez","@id":"https:\/\/davidchanza.es\/blog\/#\/schema\/person\/344c7edff3a3f494fbaab0a0be411229"},"headline":"La tele que veo","datePublished":"2013-10-09T20:20:55+00:00","dateModified":"2013-10-09T20:20:55+00:00","mainEntityOfPage":{"@id":"https:\/\/davidchanza.es\/blog\/2013\/10\/09\/la-tele-que-veo\/"},"wordCount":452,"commentCount":0,"publisher":{"@id":"https:\/\/davidchanza.es\/blog\/#\/schema\/person\/344c7edff3a3f494fbaab0a0be411229"},"image":{"@id":"https:\/\/davidchanza.es\/blog\/2013\/10\/09\/la-tele-que-veo\/#primaryimage"},"thumbnailUrl":"https:\/\/davidchanza.new\/blog\/wp-content\/uploads\/apple-appletv12-channels-lg-600x408.jpg","articleSection":["Home Cinema"],"inLanguage":"es","potentialAction":[{"@type":"CommentAction","name":"Comment","target":["https:\/\/davidchanza.es\/blog\/2013\/10\/09\/la-tele-que-veo\/#respond"]}]},{"@type":"WebPage","@id":"https:\/\/davidchanza.es\/blog\/2013\/10\/09\/la-tele-que-veo\/","url":"https:\/\/davidchanza.es\/blog\/2013\/10\/09\/la-tele-que-veo\/","name":"La tele que veo - David Chanz\u00e1 T\u00e9llez","isPartOf":{"@id":"https:\/\/davidchanza.es\/blog\/#website"},"primaryImageOfPage":{"@id":"https:\/\/davidchanza.es\/blog\/2013\/10\/09\/la-tele-que-veo\/#primaryimage"},"image":{"@id":"https:\/\/davidchanza.es\/blog\/2013\/10\/09\/la-tele-que-veo\/#primaryimage"},"thumbnailUrl":"https:\/\/davidchanza.new\/blog\/wp-content\/uploads\/apple-appletv12-channels-lg-600x408.jpg","datePublished":"2013-10-09T20:20:55+00:00","dateModified":"2013-10-09T20:20:55+00:00","breadcrumb":{"@id":"https:\/\/davidchanza.es\/blog\/2013\/10\/09\/la-tele-que-veo\/#breadcrumb"},"inLanguage":"es","potentialAction":[{"@type":"ReadAction","target":["https:\/\/davidchanza.es\/blog\/2013\/10\/09\/la-tele-que-veo\/"]}]},{"@type":"ImageObject","inLanguage":"es","@id":"https:\/\/davidchanza.es\/blog\/2013\/10\/09\/la-tele-que-veo\/#primaryimage","url":"https:\/\/davidchanza.new\/blog\/wp-content\/uploads\/apple-appletv12-channels-lg-600x408.jpg","contentUrl":"https:\/\/davidchanza.new\/blog\/wp-content\/uploads\/apple-appletv12-channels-lg-600x408.jpg"},{"@type":"BreadcrumbList","@id":"https:\/\/davidchanza.es\/blog\/2013\/10\/09\/la-tele-que-veo\/#breadcrumb","itemListElement":[{"@type":"ListItem","position":1,"name":"Portada","item":"https:\/\/davidchanza.es\/blog\/"},{"@type":"ListItem","position":2,"name":"La tele que veo"}]},{"@type":"WebSite","@id":"https:\/\/davidchanza.es\/blog\/#website","url":"https:\/\/davidchanza.es\/blog\/","name":"David Chanz\u00e1 T\u00e9llez","description":"Creando futuros Agassis &amp; Steffis, Lacustre, NBA MVP, zapatillero, viciado musical, web jedi y JUG\u00d3N.","publisher":{"@id":"https:\/\/davidchanza.es\/blog\/#\/schema\/person\/344c7edff3a3f494fbaab0a0be411229"},"potentialAction":[{"@type":"SearchAction","target":{"@type":"EntryPoint","urlTemplate":"https:\/\/davidchanza.es\/blog\/?s={search_term_string}"},"query-input":{"@type":"PropertyValueSpecification","valueRequired":true,"valueName":"search_term_string"}}],"inLanguage":"es"},{"@type":["Person","Organization"],"@id":"https:\/\/davidchanza.es\/blog\/#\/schema\/person\/344c7edff3a3f494fbaab0a0be411229","name":"David Chanz\u00e1 T\u00e9llez","image":{"@type":"ImageObject","inLanguage":"es","@id":"https:\/\/davidchanza.es\/blog\/#\/schema\/person\/image\/","url":"https:\/\/davidchanza.es\/blog\/wp-content\/uploads\/cropped-logo.jpg","contentUrl":"https:\/\/davidchanza.es\/blog\/wp-content\/uploads\/cropped-logo.jpg","width":512,"height":512,"caption":"David Chanz\u00e1 T\u00e9llez"},"logo":{"@id":"https:\/\/davidchanza.es\/blog\/#\/schema\/person\/image\/"},"sameAs":["http:\/\/davidchanza.es","https:\/\/instagram.com\/davidchanza","https:\/\/x.com\/davidchanza"],"url":"https:\/\/davidchanza.es\/blog\/author\/david\/"}]}},"_links":{"self":[{"href":"https:\/\/davidchanza.es\/blog\/wp-json\/wp\/v2\/posts\/4304","targetHints":{"allow":["GET"]}}],"collection":[{"href":"https:\/\/davidchanza.es\/blog\/wp-json\/wp\/v2\/posts"}],"about":[{"href":"https:\/\/davidchanza.es\/blog\/wp-json\/wp\/v2\/types\/post"}],"author":[{"embeddable":true,"href":"https:\/\/davidchanza.es\/blog\/wp-json\/wp\/v2\/users\/1"}],"replies":[{"embeddable":true,"href":"https:\/\/davidchanza.es\/blog\/wp-json\/wp\/v2\/comments?post=4304"}],"version-history":[{"count":1,"href":"https:\/\/davidchanza.es\/blog\/wp-json\/wp\/v2\/posts\/4304\/revisions"}],"predecessor-version":[{"id":4306,"href":"https:\/\/davidchanza.es\/blog\/wp-json\/wp\/v2\/posts\/4304\/revisions\/4306"}],"wp:attachment":[{"href":"https:\/\/davidchanza.es\/blog\/wp-json\/wp\/v2\/media?parent=4304"}],"wp:term":[{"taxonomy":"category","embeddable":true,"href":"https:\/\/davidchanza.es\/blog\/wp-json\/wp\/v2\/categories?post=4304"},{"taxonomy":"post_tag","embeddable":true,"href":"https:\/\/davidchanza.es\/blog\/wp-json\/wp\/v2\/tags?post=4304"}],"curies":[{"name":"wp","href":"https:\/\/api.w.org\/{rel}","templated":true}]}}