{"id":4262,"date":"2013-07-27T12:35:37","date_gmt":"2013-07-27T10:35:37","guid":{"rendered":"http:\/\/dvdwebz.es\/blog\/?p=4262"},"modified":"2013-07-27T00:42:46","modified_gmt":"2013-07-26T22:42:46","slug":"paul-miller-un-ano-sin-internet","status":"publish","type":"post","link":"https:\/\/davidchanza.es\/blog\/2013\/07\/27\/paul-miller-un-ano-sin-internet\/","title":{"rendered":"Paul Miller, un a\u00f1o sin internet"},"content":{"rendered":"<p><a href=\"https:\/\/davidchanza.new\/blog\/wp-content\/uploads\/Captura-de-pantalla-2013-07-27-a-las-00.41.16.png\"><img loading=\"lazy\" decoding=\"async\" class=\"aligncenter size-large wp-image-4263\" alt=\"Paul Miller\" src=\"https:\/\/davidchanza.new\/blog\/wp-content\/uploads\/Captura-de-pantalla-2013-07-27-a-las-00.41.16-600x395.png\" width=\"600\" height=\"395\" srcset=\"https:\/\/davidchanza.es\/blog\/wp-content\/uploads\/Captura-de-pantalla-2013-07-27-a-las-00.41.16-600x395.png 600w, https:\/\/davidchanza.es\/blog\/wp-content\/uploads\/Captura-de-pantalla-2013-07-27-a-las-00.41.16-300x197.png 300w, https:\/\/davidchanza.es\/blog\/wp-content\/uploads\/Captura-de-pantalla-2013-07-27-a-las-00.41.16-624x411.png 624w, https:\/\/davidchanza.es\/blog\/wp-content\/uploads\/Captura-de-pantalla-2013-07-27-a-las-00.41.16.png 740w\" sizes=\"auto, (max-width: 600px) 100vw, 600px\" \/><\/a><\/p>\n<p>Alla por el mes de mayo de 2012, <strong>Paul Miller<\/strong>, uno de los editores de <strong>The Verge<\/strong> decid\u00eda que era momento de empezar un a\u00f1o entero sin internet, sin conexi\u00f3n y no como a modo de experimento, sino porque seg\u00fan \u00e9l, lo necesitaba.<\/p>\n<p>Paul Miller dec\u00eda que pensaba que la mega-conexi\u00f3n que tenemos hoy en d\u00eda con tanta red social y tanto internet, estaba digamos cerr\u00e1ndonos al mundo exterior,<strong> corrompiendo a la persona<\/strong>. Tal vez un punto de vista algo espiritual, pero realmente en el fondo, con mucha raz\u00f3n.<\/p>\n<p>Despu\u00e9s de un a\u00f1o, Paul Miller ha hecho un incre\u00edble post sobre sus experiencias, donde al final se ha dado cuenta que <strong>estaba equivocado y que no ha encontrado lo que quer\u00eda<\/strong>. Prueba de ello fue el encuentro que tuvo con la familia de su hermano, donde su sobrina peque\u00f1a le dijo algo as\u00ed como \u00ab<em>pens\u00e1bamos que no quer\u00edas hablar con nosotros, como no conectabas por Skype<\/em>\u00ab, claro&#8230; explicale a una ni\u00f1a peque\u00f1a que te has ido de internet, cuando esta ni\u00f1a vive en la \u00e9poca de Internet, tremendo.<\/p>\n<p>Muy recomendable tanto el post, algo largo, como el v\u00eddeo <strong>Finding Paul Miller<\/strong> que se encuentra dentro del post.<\/p>\n<p>+ <a href=\"http:\/\/www.theverge.com\/2013\/5\/1\/4279674\/im-still-here-back-online-after-a-year-without-the-internet\" target=\"_blank\">The Verge: I\u2019m still here: back online after a year without the internet<\/a><\/p>\n","protected":false},"excerpt":{"rendered":"<p>Alla por el mes de mayo de 2012, Paul Miller, uno de los editores de The Verge decid\u00eda que era momento de empezar un a\u00f1o entero sin internet, sin conexi\u00f3n y no como a modo de experimento, sino porque seg\u00fan \u00e9l, lo necesitaba. Paul Miller dec\u00eda que pensaba que la mega-conexi\u00f3n que tenemos hoy en [&hellip;]<\/p>\n","protected":false},"author":1,"featured_media":0,"comment_status":"open","ping_status":"open","sticky":false,"template":"","format":"standard","meta":{"footnotes":""},"categories":[12],"tags":[],"class_list":["post-4262","post","type-post","status-publish","format-standard","hentry","category-friki-word-30"],"yoast_head":"<!-- This site is optimized with the Yoast SEO plugin v23.8 - https:\/\/yoast.com\/wordpress\/plugins\/seo\/ -->\n<title>Paul Miller, un a\u00f1o sin internet - David Chanz\u00e1 T\u00e9llez<\/title>\n<meta name=\"robots\" content=\"index, follow, max-snippet:-1, max-image-preview:large, max-video-preview:-1\" \/>\n<link rel=\"canonical\" href=\"https:\/\/davidchanza.es\/blog\/2013\/07\/27\/paul-miller-un-ano-sin-internet\/\" \/>\n<meta property=\"og:locale\" content=\"es_ES\" \/>\n<meta property=\"og:type\" content=\"article\" \/>\n<meta property=\"og:title\" content=\"Paul Miller, un a\u00f1o sin internet - David Chanz\u00e1 T\u00e9llez\" \/>\n<meta property=\"og:description\" content=\"Alla por el mes de mayo de 2012, Paul Miller, uno de los editores de The Verge decid\u00eda que era momento de empezar un a\u00f1o entero sin internet, sin conexi\u00f3n y no como a modo de experimento, sino porque seg\u00fan \u00e9l, lo necesitaba. Paul Miller dec\u00eda que pensaba que la mega-conexi\u00f3n que tenemos hoy en [&hellip;]\" \/>\n<meta property=\"og:url\" content=\"https:\/\/davidchanza.es\/blog\/2013\/07\/27\/paul-miller-un-ano-sin-internet\/\" \/>\n<meta property=\"og:site_name\" content=\"David Chanz\u00e1 T\u00e9llez\" \/>\n<meta property=\"article:published_time\" content=\"2013-07-27T10:35:37+00:00\" \/>\n<meta property=\"article:modified_time\" content=\"2013-07-26T22:42:46+00:00\" \/>\n<meta property=\"og:image\" content=\"https:\/\/davidchanza.new\/blog\/wp-content\/uploads\/Captura-de-pantalla-2013-07-27-a-las-00.41.16-600x395.png\" \/>\n<meta name=\"author\" content=\"David Chanz\u00e1 T\u00e9llez\" \/>\n<meta name=\"twitter:card\" content=\"summary_large_image\" \/>\n<meta name=\"twitter:creator\" content=\"@davidchanza\" \/>\n<meta name=\"twitter:site\" content=\"@davidchanza\" \/>\n<meta name=\"twitter:label1\" content=\"Escrito por\" \/>\n\t<meta name=\"twitter:data1\" content=\"David Chanz\u00e1 T\u00e9llez\" \/>\n\t<meta name=\"twitter:label2\" content=\"Tiempo de lectura\" \/>\n\t<meta name=\"twitter:data2\" content=\"1 minuto\" \/>\n<script type=\"application\/ld+json\" class=\"yoast-schema-graph\">{\"@context\":\"https:\/\/schema.org\",\"@graph\":[{\"@type\":\"Article\",\"@id\":\"https:\/\/davidchanza.es\/blog\/2013\/07\/27\/paul-miller-un-ano-sin-internet\/#article\",\"isPartOf\":{\"@id\":\"https:\/\/davidchanza.es\/blog\/2013\/07\/27\/paul-miller-un-ano-sin-internet\/\"},\"author\":{\"name\":\"David Chanz\u00e1 T\u00e9llez\",\"@id\":\"https:\/\/davidchanza.es\/blog\/#\/schema\/person\/344c7edff3a3f494fbaab0a0be411229\"},\"headline\":\"Paul Miller, un a\u00f1o sin internet\",\"datePublished\":\"2013-07-27T10:35:37+00:00\",\"dateModified\":\"2013-07-26T22:42:46+00:00\",\"mainEntityOfPage\":{\"@id\":\"https:\/\/davidchanza.es\/blog\/2013\/07\/27\/paul-miller-un-ano-sin-internet\/\"},\"wordCount\":237,\"commentCount\":0,\"publisher\":{\"@id\":\"https:\/\/davidchanza.es\/blog\/#\/schema\/person\/344c7edff3a3f494fbaab0a0be411229\"},\"image\":{\"@id\":\"https:\/\/davidchanza.es\/blog\/2013\/07\/27\/paul-miller-un-ano-sin-internet\/#primaryimage\"},\"thumbnailUrl\":\"https:\/\/davidchanza.new\/blog\/wp-content\/uploads\/Captura-de-pantalla-2013-07-27-a-las-00.41.16-600x395.png\",\"articleSection\":[\"Friki World 2.4\"],\"inLanguage\":\"es\",\"potentialAction\":[{\"@type\":\"CommentAction\",\"name\":\"Comment\",\"target\":[\"https:\/\/davidchanza.es\/blog\/2013\/07\/27\/paul-miller-un-ano-sin-internet\/#respond\"]}]},{\"@type\":\"WebPage\",\"@id\":\"https:\/\/davidchanza.es\/blog\/2013\/07\/27\/paul-miller-un-ano-sin-internet\/\",\"url\":\"https:\/\/davidchanza.es\/blog\/2013\/07\/27\/paul-miller-un-ano-sin-internet\/\",\"name\":\"Paul Miller, un a\u00f1o sin internet - David Chanz\u00e1 T\u00e9llez\",\"isPartOf\":{\"@id\":\"https:\/\/davidchanza.es\/blog\/#website\"},\"primaryImageOfPage\":{\"@id\":\"https:\/\/davidchanza.es\/blog\/2013\/07\/27\/paul-miller-un-ano-sin-internet\/#primaryimage\"},\"image\":{\"@id\":\"https:\/\/davidchanza.es\/blog\/2013\/07\/27\/paul-miller-un-ano-sin-internet\/#primaryimage\"},\"thumbnailUrl\":\"https:\/\/davidchanza.new\/blog\/wp-content\/uploads\/Captura-de-pantalla-2013-07-27-a-las-00.41.16-600x395.png\",\"datePublished\":\"2013-07-27T10:35:37+00:00\",\"dateModified\":\"2013-07-26T22:42:46+00:00\",\"breadcrumb\":{\"@id\":\"https:\/\/davidchanza.es\/blog\/2013\/07\/27\/paul-miller-un-ano-sin-internet\/#breadcrumb\"},\"inLanguage\":\"es\",\"potentialAction\":[{\"@type\":\"ReadAction\",\"target\":[\"https:\/\/davidchanza.es\/blog\/2013\/07\/27\/paul-miller-un-ano-sin-internet\/\"]}]},{\"@type\":\"ImageObject\",\"inLanguage\":\"es\",\"@id\":\"https:\/\/davidchanza.es\/blog\/2013\/07\/27\/paul-miller-un-ano-sin-internet\/#primaryimage\",\"url\":\"https:\/\/davidchanza.new\/blog\/wp-content\/uploads\/Captura-de-pantalla-2013-07-27-a-las-00.41.16-600x395.png\",\"contentUrl\":\"https:\/\/davidchanza.new\/blog\/wp-content\/uploads\/Captura-de-pantalla-2013-07-27-a-las-00.41.16-600x395.png\"},{\"@type\":\"BreadcrumbList\",\"@id\":\"https:\/\/davidchanza.es\/blog\/2013\/07\/27\/paul-miller-un-ano-sin-internet\/#breadcrumb\",\"itemListElement\":[{\"@type\":\"ListItem\",\"position\":1,\"name\":\"Portada\",\"item\":\"https:\/\/davidchanza.es\/blog\/\"},{\"@type\":\"ListItem\",\"position\":2,\"name\":\"Paul Miller, un a\u00f1o sin internet\"}]},{\"@type\":\"WebSite\",\"@id\":\"https:\/\/davidchanza.es\/blog\/#website\",\"url\":\"https:\/\/davidchanza.es\/blog\/\",\"name\":\"David Chanz\u00e1 T\u00e9llez\",\"description\":\"Creando futuros Agassis &amp; Steffis, Lacustre, NBA MVP, zapatillero, viciado musical, web jedi y JUG\u00d3N.\",\"publisher\":{\"@id\":\"https:\/\/davidchanza.es\/blog\/#\/schema\/person\/344c7edff3a3f494fbaab0a0be411229\"},\"potentialAction\":[{\"@type\":\"SearchAction\",\"target\":{\"@type\":\"EntryPoint\",\"urlTemplate\":\"https:\/\/davidchanza.es\/blog\/?s={search_term_string}\"},\"query-input\":{\"@type\":\"PropertyValueSpecification\",\"valueRequired\":true,\"valueName\":\"search_term_string\"}}],\"inLanguage\":\"es\"},{\"@type\":[\"Person\",\"Organization\"],\"@id\":\"https:\/\/davidchanza.es\/blog\/#\/schema\/person\/344c7edff3a3f494fbaab0a0be411229\",\"name\":\"David Chanz\u00e1 T\u00e9llez\",\"image\":{\"@type\":\"ImageObject\",\"inLanguage\":\"es\",\"@id\":\"https:\/\/davidchanza.es\/blog\/#\/schema\/person\/image\/\",\"url\":\"https:\/\/davidchanza.es\/blog\/wp-content\/uploads\/cropped-logo.jpg\",\"contentUrl\":\"https:\/\/davidchanza.es\/blog\/wp-content\/uploads\/cropped-logo.jpg\",\"width\":512,\"height\":512,\"caption\":\"David Chanz\u00e1 T\u00e9llez\"},\"logo\":{\"@id\":\"https:\/\/davidchanza.es\/blog\/#\/schema\/person\/image\/\"},\"sameAs\":[\"http:\/\/davidchanza.es\",\"https:\/\/instagram.com\/davidchanza\",\"https:\/\/x.com\/davidchanza\"],\"url\":\"https:\/\/davidchanza.es\/blog\/author\/david\/\"}]}<\/script>\n<!-- \/ Yoast SEO plugin. -->","yoast_head_json":{"title":"Paul Miller, un a\u00f1o sin internet - David Chanz\u00e1 T\u00e9llez","robots":{"index":"index","follow":"follow","max-snippet":"max-snippet:-1","max-image-preview":"max-image-preview:large","max-video-preview":"max-video-preview:-1"},"canonical":"https:\/\/davidchanza.es\/blog\/2013\/07\/27\/paul-miller-un-ano-sin-internet\/","og_locale":"es_ES","og_type":"article","og_title":"Paul Miller, un a\u00f1o sin internet - David Chanz\u00e1 T\u00e9llez","og_description":"Alla por el mes de mayo de 2012, Paul Miller, uno de los editores de The Verge decid\u00eda que era momento de empezar un a\u00f1o entero sin internet, sin conexi\u00f3n y no como a modo de experimento, sino porque seg\u00fan \u00e9l, lo necesitaba. Paul Miller dec\u00eda que pensaba que la mega-conexi\u00f3n que tenemos hoy en [&hellip;]","og_url":"https:\/\/davidchanza.es\/blog\/2013\/07\/27\/paul-miller-un-ano-sin-internet\/","og_site_name":"David Chanz\u00e1 T\u00e9llez","article_published_time":"2013-07-27T10:35:37+00:00","article_modified_time":"2013-07-26T22:42:46+00:00","og_image":[{"url":"https:\/\/davidchanza.new\/blog\/wp-content\/uploads\/Captura-de-pantalla-2013-07-27-a-las-00.41.16-600x395.png"}],"author":"David Chanz\u00e1 T\u00e9llez","twitter_card":"summary_large_image","twitter_creator":"@davidchanza","twitter_site":"@davidchanza","twitter_misc":{"Escrito por":"David Chanz\u00e1 T\u00e9llez","Tiempo de lectura":"1 minuto"},"schema":{"@context":"https:\/\/schema.org","@graph":[{"@type":"Article","@id":"https:\/\/davidchanza.es\/blog\/2013\/07\/27\/paul-miller-un-ano-sin-internet\/#article","isPartOf":{"@id":"https:\/\/davidchanza.es\/blog\/2013\/07\/27\/paul-miller-un-ano-sin-internet\/"},"author":{"name":"David Chanz\u00e1 T\u00e9llez","@id":"https:\/\/davidchanza.es\/blog\/#\/schema\/person\/344c7edff3a3f494fbaab0a0be411229"},"headline":"Paul Miller, un a\u00f1o sin internet","datePublished":"2013-07-27T10:35:37+00:00","dateModified":"2013-07-26T22:42:46+00:00","mainEntityOfPage":{"@id":"https:\/\/davidchanza.es\/blog\/2013\/07\/27\/paul-miller-un-ano-sin-internet\/"},"wordCount":237,"commentCount":0,"publisher":{"@id":"https:\/\/davidchanza.es\/blog\/#\/schema\/person\/344c7edff3a3f494fbaab0a0be411229"},"image":{"@id":"https:\/\/davidchanza.es\/blog\/2013\/07\/27\/paul-miller-un-ano-sin-internet\/#primaryimage"},"thumbnailUrl":"https:\/\/davidchanza.new\/blog\/wp-content\/uploads\/Captura-de-pantalla-2013-07-27-a-las-00.41.16-600x395.png","articleSection":["Friki World 2.4"],"inLanguage":"es","potentialAction":[{"@type":"CommentAction","name":"Comment","target":["https:\/\/davidchanza.es\/blog\/2013\/07\/27\/paul-miller-un-ano-sin-internet\/#respond"]}]},{"@type":"WebPage","@id":"https:\/\/davidchanza.es\/blog\/2013\/07\/27\/paul-miller-un-ano-sin-internet\/","url":"https:\/\/davidchanza.es\/blog\/2013\/07\/27\/paul-miller-un-ano-sin-internet\/","name":"Paul Miller, un a\u00f1o sin internet - David Chanz\u00e1 T\u00e9llez","isPartOf":{"@id":"https:\/\/davidchanza.es\/blog\/#website"},"primaryImageOfPage":{"@id":"https:\/\/davidchanza.es\/blog\/2013\/07\/27\/paul-miller-un-ano-sin-internet\/#primaryimage"},"image":{"@id":"https:\/\/davidchanza.es\/blog\/2013\/07\/27\/paul-miller-un-ano-sin-internet\/#primaryimage"},"thumbnailUrl":"https:\/\/davidchanza.new\/blog\/wp-content\/uploads\/Captura-de-pantalla-2013-07-27-a-las-00.41.16-600x395.png","datePublished":"2013-07-27T10:35:37+00:00","dateModified":"2013-07-26T22:42:46+00:00","breadcrumb":{"@id":"https:\/\/davidchanza.es\/blog\/2013\/07\/27\/paul-miller-un-ano-sin-internet\/#breadcrumb"},"inLanguage":"es","potentialAction":[{"@type":"ReadAction","target":["https:\/\/davidchanza.es\/blog\/2013\/07\/27\/paul-miller-un-ano-sin-internet\/"]}]},{"@type":"ImageObject","inLanguage":"es","@id":"https:\/\/davidchanza.es\/blog\/2013\/07\/27\/paul-miller-un-ano-sin-internet\/#primaryimage","url":"https:\/\/davidchanza.new\/blog\/wp-content\/uploads\/Captura-de-pantalla-2013-07-27-a-las-00.41.16-600x395.png","contentUrl":"https:\/\/davidchanza.new\/blog\/wp-content\/uploads\/Captura-de-pantalla-2013-07-27-a-las-00.41.16-600x395.png"},{"@type":"BreadcrumbList","@id":"https:\/\/davidchanza.es\/blog\/2013\/07\/27\/paul-miller-un-ano-sin-internet\/#breadcrumb","itemListElement":[{"@type":"ListItem","position":1,"name":"Portada","item":"https:\/\/davidchanza.es\/blog\/"},{"@type":"ListItem","position":2,"name":"Paul Miller, un a\u00f1o sin internet"}]},{"@type":"WebSite","@id":"https:\/\/davidchanza.es\/blog\/#website","url":"https:\/\/davidchanza.es\/blog\/","name":"David Chanz\u00e1 T\u00e9llez","description":"Creando futuros Agassis &amp; Steffis, Lacustre, NBA MVP, zapatillero, viciado musical, web jedi y JUG\u00d3N.","publisher":{"@id":"https:\/\/davidchanza.es\/blog\/#\/schema\/person\/344c7edff3a3f494fbaab0a0be411229"},"potentialAction":[{"@type":"SearchAction","target":{"@type":"EntryPoint","urlTemplate":"https:\/\/davidchanza.es\/blog\/?s={search_term_string}"},"query-input":{"@type":"PropertyValueSpecification","valueRequired":true,"valueName":"search_term_string"}}],"inLanguage":"es"},{"@type":["Person","Organization"],"@id":"https:\/\/davidchanza.es\/blog\/#\/schema\/person\/344c7edff3a3f494fbaab0a0be411229","name":"David Chanz\u00e1 T\u00e9llez","image":{"@type":"ImageObject","inLanguage":"es","@id":"https:\/\/davidchanza.es\/blog\/#\/schema\/person\/image\/","url":"https:\/\/davidchanza.es\/blog\/wp-content\/uploads\/cropped-logo.jpg","contentUrl":"https:\/\/davidchanza.es\/blog\/wp-content\/uploads\/cropped-logo.jpg","width":512,"height":512,"caption":"David Chanz\u00e1 T\u00e9llez"},"logo":{"@id":"https:\/\/davidchanza.es\/blog\/#\/schema\/person\/image\/"},"sameAs":["http:\/\/davidchanza.es","https:\/\/instagram.com\/davidchanza","https:\/\/x.com\/davidchanza"],"url":"https:\/\/davidchanza.es\/blog\/author\/david\/"}]}},"_links":{"self":[{"href":"https:\/\/davidchanza.es\/blog\/wp-json\/wp\/v2\/posts\/4262","targetHints":{"allow":["GET"]}}],"collection":[{"href":"https:\/\/davidchanza.es\/blog\/wp-json\/wp\/v2\/posts"}],"about":[{"href":"https:\/\/davidchanza.es\/blog\/wp-json\/wp\/v2\/types\/post"}],"author":[{"embeddable":true,"href":"https:\/\/davidchanza.es\/blog\/wp-json\/wp\/v2\/users\/1"}],"replies":[{"embeddable":true,"href":"https:\/\/davidchanza.es\/blog\/wp-json\/wp\/v2\/comments?post=4262"}],"version-history":[{"count":2,"href":"https:\/\/davidchanza.es\/blog\/wp-json\/wp\/v2\/posts\/4262\/revisions"}],"predecessor-version":[{"id":4265,"href":"https:\/\/davidchanza.es\/blog\/wp-json\/wp\/v2\/posts\/4262\/revisions\/4265"}],"wp:attachment":[{"href":"https:\/\/davidchanza.es\/blog\/wp-json\/wp\/v2\/media?parent=4262"}],"wp:term":[{"taxonomy":"category","embeddable":true,"href":"https:\/\/davidchanza.es\/blog\/wp-json\/wp\/v2\/categories?post=4262"},{"taxonomy":"post_tag","embeddable":true,"href":"https:\/\/davidchanza.es\/blog\/wp-json\/wp\/v2\/tags?post=4262"}],"curies":[{"name":"wp","href":"https:\/\/api.w.org\/{rel}","templated":true}]}}