{"id":4046,"date":"2012-12-21T17:16:56","date_gmt":"2012-12-21T15:16:56","guid":{"rendered":"http:\/\/dvdwebz.es\/blog\/?p=4046"},"modified":"2012-12-21T17:16:56","modified_gmt":"2012-12-21T15:16:56","slug":"lcdes-llega-la-tienda-de-la-cronica-desde-el-sofa","status":"publish","type":"post","link":"https:\/\/davidchanza.es\/blog\/2012\/12\/21\/lcdes-llega-la-tienda-de-la-cronica-desde-el-sofa\/","title":{"rendered":"LCDES llega la tienda de La Cr\u00f3nica Desde El Sof\u00e1"},"content":{"rendered":"<p><img loading=\"lazy\" decoding=\"async\" class=\"alignnone\" title=\"LCDES\" src=\"http:\/\/lcdes.com\/wp-content\/uploads\/2012\/12\/LCDES_WEAR-1-300x38.png\" alt=\"\" width=\"300\" height=\"38\" \/><\/p>\n<p>Como muchos sab\u00e9is <a href=\"http:\/\/lacronicadesdeelsofa.com\"><strong>La Cr\u00f3nica Desde El Sof\u00e1<\/strong><\/a> es un peque\u00f1o gran proyecto que cree hace ya un tiempo y que poco a poco va creciendo a un ritmo bastante mol\u00f3n la verdad, pues bien, seguimos creciendo y ahora llega la tienda, <strong>LCDES<\/strong>.<\/p>\n<p>En ella estamos vendiendo <strong>camisetas con dise\u00f1os 100% originales y jugonas<\/strong> a m\u00e1s no poder, de momento tenemos 5 modelos para van a ir creciendo y creciendo sin parar&#8230;<\/p>\n<p><img loading=\"lazy\" decoding=\"async\" class=\"alignnone\" title=\"Spike Away\" src=\"http:\/\/lcdes.com\/wp-content\/uploads\/2012\/12\/IMG_3157-600x533.jpg\" alt=\"\" width=\"600\" height=\"533\" \/><\/p>\n<p>Adem\u00e1s, para los lectores de este blog los 10 primeros que usen el c\u00f3digo <strong>DVDWEBZ<\/strong> conseguir\u00e1n 3 euros de descuento en tu pedido.<\/p>\n<p>+ <a href=\"http:\/\/lcdes.com\">LCDES<\/a><\/p>\n","protected":false},"excerpt":{"rendered":"<p>Como muchos sab\u00e9is La Cr\u00f3nica Desde El Sof\u00e1 es un peque\u00f1o gran proyecto que cree hace ya un tiempo y que poco a poco va creciendo a un ritmo bastante mol\u00f3n la verdad, pues bien, seguimos creciendo y ahora llega la tienda, LCDES. En ella estamos vendiendo camisetas con dise\u00f1os 100% originales y jugonas a [&hellip;]<\/p>\n","protected":false},"author":1,"featured_media":0,"comment_status":"open","ping_status":"open","sticky":false,"template":"","format":"standard","meta":{"footnotes":""},"categories":[6],"tags":[],"class_list":["post-4046","post","type-post","status-publish","format-standard","hentry","category-dvdwebz"],"yoast_head":"<!-- This site is optimized with the Yoast SEO plugin v23.8 - https:\/\/yoast.com\/wordpress\/plugins\/seo\/ -->\n<title>LCDES llega la tienda de La Cr\u00f3nica Desde El Sof\u00e1 - David Chanz\u00e1 T\u00e9llez<\/title>\n<meta name=\"robots\" content=\"index, follow, max-snippet:-1, max-image-preview:large, max-video-preview:-1\" \/>\n<link rel=\"canonical\" href=\"https:\/\/davidchanza.es\/blog\/2012\/12\/21\/lcdes-llega-la-tienda-de-la-cronica-desde-el-sofa\/\" \/>\n<meta property=\"og:locale\" content=\"es_ES\" \/>\n<meta property=\"og:type\" content=\"article\" \/>\n<meta property=\"og:title\" content=\"LCDES llega la tienda de La Cr\u00f3nica Desde El Sof\u00e1 - David Chanz\u00e1 T\u00e9llez\" \/>\n<meta property=\"og:description\" content=\"Como muchos sab\u00e9is La Cr\u00f3nica Desde El Sof\u00e1 es un peque\u00f1o gran proyecto que cree hace ya un tiempo y que poco a poco va creciendo a un ritmo bastante mol\u00f3n la verdad, pues bien, seguimos creciendo y ahora llega la tienda, LCDES. En ella estamos vendiendo camisetas con dise\u00f1os 100% originales y jugonas a [&hellip;]\" \/>\n<meta property=\"og:url\" content=\"https:\/\/davidchanza.es\/blog\/2012\/12\/21\/lcdes-llega-la-tienda-de-la-cronica-desde-el-sofa\/\" \/>\n<meta property=\"og:site_name\" content=\"David Chanz\u00e1 T\u00e9llez\" \/>\n<meta property=\"article:published_time\" content=\"2012-12-21T15:16:56+00:00\" \/>\n<meta property=\"og:image\" content=\"http:\/\/lcdes.com\/wp-content\/uploads\/2012\/12\/LCDES_WEAR-1-300x38.png\" \/>\n<meta name=\"author\" content=\"David Chanz\u00e1 T\u00e9llez\" \/>\n<meta name=\"twitter:card\" content=\"summary_large_image\" \/>\n<meta name=\"twitter:creator\" content=\"@davidchanza\" \/>\n<meta name=\"twitter:site\" content=\"@davidchanza\" \/>\n<meta name=\"twitter:label1\" content=\"Escrito por\" \/>\n\t<meta name=\"twitter:data1\" content=\"David Chanz\u00e1 T\u00e9llez\" \/>\n\t<meta name=\"twitter:label2\" content=\"Tiempo de lectura\" \/>\n\t<meta name=\"twitter:data2\" content=\"1 minuto\" \/>\n<script type=\"application\/ld+json\" class=\"yoast-schema-graph\">{\"@context\":\"https:\/\/schema.org\",\"@graph\":[{\"@type\":\"Article\",\"@id\":\"https:\/\/davidchanza.es\/blog\/2012\/12\/21\/lcdes-llega-la-tienda-de-la-cronica-desde-el-sofa\/#article\",\"isPartOf\":{\"@id\":\"https:\/\/davidchanza.es\/blog\/2012\/12\/21\/lcdes-llega-la-tienda-de-la-cronica-desde-el-sofa\/\"},\"author\":{\"name\":\"David Chanz\u00e1 T\u00e9llez\",\"@id\":\"https:\/\/davidchanza.es\/blog\/#\/schema\/person\/344c7edff3a3f494fbaab0a0be411229\"},\"headline\":\"LCDES llega la tienda de La Cr\u00f3nica Desde El Sof\u00e1\",\"datePublished\":\"2012-12-21T15:16:56+00:00\",\"dateModified\":\"2012-12-21T15:16:56+00:00\",\"mainEntityOfPage\":{\"@id\":\"https:\/\/davidchanza.es\/blog\/2012\/12\/21\/lcdes-llega-la-tienda-de-la-cronica-desde-el-sofa\/\"},\"wordCount\":112,\"commentCount\":0,\"publisher\":{\"@id\":\"https:\/\/davidchanza.es\/blog\/#\/schema\/person\/344c7edff3a3f494fbaab0a0be411229\"},\"image\":{\"@id\":\"https:\/\/davidchanza.es\/blog\/2012\/12\/21\/lcdes-llega-la-tienda-de-la-cronica-desde-el-sofa\/#primaryimage\"},\"thumbnailUrl\":\"http:\/\/lcdes.com\/wp-content\/uploads\/2012\/12\/LCDES_WEAR-1-300x38.png\",\"articleSection\":[\"dvdwebz\"],\"inLanguage\":\"es\",\"potentialAction\":[{\"@type\":\"CommentAction\",\"name\":\"Comment\",\"target\":[\"https:\/\/davidchanza.es\/blog\/2012\/12\/21\/lcdes-llega-la-tienda-de-la-cronica-desde-el-sofa\/#respond\"]}]},{\"@type\":\"WebPage\",\"@id\":\"https:\/\/davidchanza.es\/blog\/2012\/12\/21\/lcdes-llega-la-tienda-de-la-cronica-desde-el-sofa\/\",\"url\":\"https:\/\/davidchanza.es\/blog\/2012\/12\/21\/lcdes-llega-la-tienda-de-la-cronica-desde-el-sofa\/\",\"name\":\"LCDES llega la tienda de La Cr\u00f3nica Desde El Sof\u00e1 - David Chanz\u00e1 T\u00e9llez\",\"isPartOf\":{\"@id\":\"https:\/\/davidchanza.es\/blog\/#website\"},\"primaryImageOfPage\":{\"@id\":\"https:\/\/davidchanza.es\/blog\/2012\/12\/21\/lcdes-llega-la-tienda-de-la-cronica-desde-el-sofa\/#primaryimage\"},\"image\":{\"@id\":\"https:\/\/davidchanza.es\/blog\/2012\/12\/21\/lcdes-llega-la-tienda-de-la-cronica-desde-el-sofa\/#primaryimage\"},\"thumbnailUrl\":\"http:\/\/lcdes.com\/wp-content\/uploads\/2012\/12\/LCDES_WEAR-1-300x38.png\",\"datePublished\":\"2012-12-21T15:16:56+00:00\",\"dateModified\":\"2012-12-21T15:16:56+00:00\",\"breadcrumb\":{\"@id\":\"https:\/\/davidchanza.es\/blog\/2012\/12\/21\/lcdes-llega-la-tienda-de-la-cronica-desde-el-sofa\/#breadcrumb\"},\"inLanguage\":\"es\",\"potentialAction\":[{\"@type\":\"ReadAction\",\"target\":[\"https:\/\/davidchanza.es\/blog\/2012\/12\/21\/lcdes-llega-la-tienda-de-la-cronica-desde-el-sofa\/\"]}]},{\"@type\":\"ImageObject\",\"inLanguage\":\"es\",\"@id\":\"https:\/\/davidchanza.es\/blog\/2012\/12\/21\/lcdes-llega-la-tienda-de-la-cronica-desde-el-sofa\/#primaryimage\",\"url\":\"http:\/\/lcdes.com\/wp-content\/uploads\/2012\/12\/LCDES_WEAR-1-300x38.png\",\"contentUrl\":\"http:\/\/lcdes.com\/wp-content\/uploads\/2012\/12\/LCDES_WEAR-1-300x38.png\"},{\"@type\":\"BreadcrumbList\",\"@id\":\"https:\/\/davidchanza.es\/blog\/2012\/12\/21\/lcdes-llega-la-tienda-de-la-cronica-desde-el-sofa\/#breadcrumb\",\"itemListElement\":[{\"@type\":\"ListItem\",\"position\":1,\"name\":\"Portada\",\"item\":\"https:\/\/davidchanza.es\/blog\/\"},{\"@type\":\"ListItem\",\"position\":2,\"name\":\"LCDES llega la tienda de La Cr\u00f3nica Desde El Sof\u00e1\"}]},{\"@type\":\"WebSite\",\"@id\":\"https:\/\/davidchanza.es\/blog\/#website\",\"url\":\"https:\/\/davidchanza.es\/blog\/\",\"name\":\"David Chanz\u00e1 T\u00e9llez\",\"description\":\"Creando futuros Agassis &amp; Steffis, Lacustre, NBA MVP, zapatillero, viciado musical, web jedi y JUG\u00d3N.\",\"publisher\":{\"@id\":\"https:\/\/davidchanza.es\/blog\/#\/schema\/person\/344c7edff3a3f494fbaab0a0be411229\"},\"potentialAction\":[{\"@type\":\"SearchAction\",\"target\":{\"@type\":\"EntryPoint\",\"urlTemplate\":\"https:\/\/davidchanza.es\/blog\/?s={search_term_string}\"},\"query-input\":{\"@type\":\"PropertyValueSpecification\",\"valueRequired\":true,\"valueName\":\"search_term_string\"}}],\"inLanguage\":\"es\"},{\"@type\":[\"Person\",\"Organization\"],\"@id\":\"https:\/\/davidchanza.es\/blog\/#\/schema\/person\/344c7edff3a3f494fbaab0a0be411229\",\"name\":\"David Chanz\u00e1 T\u00e9llez\",\"image\":{\"@type\":\"ImageObject\",\"inLanguage\":\"es\",\"@id\":\"https:\/\/davidchanza.es\/blog\/#\/schema\/person\/image\/\",\"url\":\"https:\/\/davidchanza.es\/blog\/wp-content\/uploads\/cropped-logo.jpg\",\"contentUrl\":\"https:\/\/davidchanza.es\/blog\/wp-content\/uploads\/cropped-logo.jpg\",\"width\":512,\"height\":512,\"caption\":\"David Chanz\u00e1 T\u00e9llez\"},\"logo\":{\"@id\":\"https:\/\/davidchanza.es\/blog\/#\/schema\/person\/image\/\"},\"sameAs\":[\"http:\/\/davidchanza.es\",\"https:\/\/instagram.com\/davidchanza\",\"https:\/\/x.com\/davidchanza\"],\"url\":\"https:\/\/davidchanza.es\/blog\/author\/david\/\"}]}<\/script>\n<!-- \/ Yoast SEO plugin. -->","yoast_head_json":{"title":"LCDES llega la tienda de La Cr\u00f3nica Desde El Sof\u00e1 - David Chanz\u00e1 T\u00e9llez","robots":{"index":"index","follow":"follow","max-snippet":"max-snippet:-1","max-image-preview":"max-image-preview:large","max-video-preview":"max-video-preview:-1"},"canonical":"https:\/\/davidchanza.es\/blog\/2012\/12\/21\/lcdes-llega-la-tienda-de-la-cronica-desde-el-sofa\/","og_locale":"es_ES","og_type":"article","og_title":"LCDES llega la tienda de La Cr\u00f3nica Desde El Sof\u00e1 - David Chanz\u00e1 T\u00e9llez","og_description":"Como muchos sab\u00e9is La Cr\u00f3nica Desde El Sof\u00e1 es un peque\u00f1o gran proyecto que cree hace ya un tiempo y que poco a poco va creciendo a un ritmo bastante mol\u00f3n la verdad, pues bien, seguimos creciendo y ahora llega la tienda, LCDES. En ella estamos vendiendo camisetas con dise\u00f1os 100% originales y jugonas a [&hellip;]","og_url":"https:\/\/davidchanza.es\/blog\/2012\/12\/21\/lcdes-llega-la-tienda-de-la-cronica-desde-el-sofa\/","og_site_name":"David Chanz\u00e1 T\u00e9llez","article_published_time":"2012-12-21T15:16:56+00:00","og_image":[{"url":"http:\/\/lcdes.com\/wp-content\/uploads\/2012\/12\/LCDES_WEAR-1-300x38.png"}],"author":"David Chanz\u00e1 T\u00e9llez","twitter_card":"summary_large_image","twitter_creator":"@davidchanza","twitter_site":"@davidchanza","twitter_misc":{"Escrito por":"David Chanz\u00e1 T\u00e9llez","Tiempo de lectura":"1 minuto"},"schema":{"@context":"https:\/\/schema.org","@graph":[{"@type":"Article","@id":"https:\/\/davidchanza.es\/blog\/2012\/12\/21\/lcdes-llega-la-tienda-de-la-cronica-desde-el-sofa\/#article","isPartOf":{"@id":"https:\/\/davidchanza.es\/blog\/2012\/12\/21\/lcdes-llega-la-tienda-de-la-cronica-desde-el-sofa\/"},"author":{"name":"David Chanz\u00e1 T\u00e9llez","@id":"https:\/\/davidchanza.es\/blog\/#\/schema\/person\/344c7edff3a3f494fbaab0a0be411229"},"headline":"LCDES llega la tienda de La Cr\u00f3nica Desde El Sof\u00e1","datePublished":"2012-12-21T15:16:56+00:00","dateModified":"2012-12-21T15:16:56+00:00","mainEntityOfPage":{"@id":"https:\/\/davidchanza.es\/blog\/2012\/12\/21\/lcdes-llega-la-tienda-de-la-cronica-desde-el-sofa\/"},"wordCount":112,"commentCount":0,"publisher":{"@id":"https:\/\/davidchanza.es\/blog\/#\/schema\/person\/344c7edff3a3f494fbaab0a0be411229"},"image":{"@id":"https:\/\/davidchanza.es\/blog\/2012\/12\/21\/lcdes-llega-la-tienda-de-la-cronica-desde-el-sofa\/#primaryimage"},"thumbnailUrl":"http:\/\/lcdes.com\/wp-content\/uploads\/2012\/12\/LCDES_WEAR-1-300x38.png","articleSection":["dvdwebz"],"inLanguage":"es","potentialAction":[{"@type":"CommentAction","name":"Comment","target":["https:\/\/davidchanza.es\/blog\/2012\/12\/21\/lcdes-llega-la-tienda-de-la-cronica-desde-el-sofa\/#respond"]}]},{"@type":"WebPage","@id":"https:\/\/davidchanza.es\/blog\/2012\/12\/21\/lcdes-llega-la-tienda-de-la-cronica-desde-el-sofa\/","url":"https:\/\/davidchanza.es\/blog\/2012\/12\/21\/lcdes-llega-la-tienda-de-la-cronica-desde-el-sofa\/","name":"LCDES llega la tienda de La Cr\u00f3nica Desde El Sof\u00e1 - David Chanz\u00e1 T\u00e9llez","isPartOf":{"@id":"https:\/\/davidchanza.es\/blog\/#website"},"primaryImageOfPage":{"@id":"https:\/\/davidchanza.es\/blog\/2012\/12\/21\/lcdes-llega-la-tienda-de-la-cronica-desde-el-sofa\/#primaryimage"},"image":{"@id":"https:\/\/davidchanza.es\/blog\/2012\/12\/21\/lcdes-llega-la-tienda-de-la-cronica-desde-el-sofa\/#primaryimage"},"thumbnailUrl":"http:\/\/lcdes.com\/wp-content\/uploads\/2012\/12\/LCDES_WEAR-1-300x38.png","datePublished":"2012-12-21T15:16:56+00:00","dateModified":"2012-12-21T15:16:56+00:00","breadcrumb":{"@id":"https:\/\/davidchanza.es\/blog\/2012\/12\/21\/lcdes-llega-la-tienda-de-la-cronica-desde-el-sofa\/#breadcrumb"},"inLanguage":"es","potentialAction":[{"@type":"ReadAction","target":["https:\/\/davidchanza.es\/blog\/2012\/12\/21\/lcdes-llega-la-tienda-de-la-cronica-desde-el-sofa\/"]}]},{"@type":"ImageObject","inLanguage":"es","@id":"https:\/\/davidchanza.es\/blog\/2012\/12\/21\/lcdes-llega-la-tienda-de-la-cronica-desde-el-sofa\/#primaryimage","url":"http:\/\/lcdes.com\/wp-content\/uploads\/2012\/12\/LCDES_WEAR-1-300x38.png","contentUrl":"http:\/\/lcdes.com\/wp-content\/uploads\/2012\/12\/LCDES_WEAR-1-300x38.png"},{"@type":"BreadcrumbList","@id":"https:\/\/davidchanza.es\/blog\/2012\/12\/21\/lcdes-llega-la-tienda-de-la-cronica-desde-el-sofa\/#breadcrumb","itemListElement":[{"@type":"ListItem","position":1,"name":"Portada","item":"https:\/\/davidchanza.es\/blog\/"},{"@type":"ListItem","position":2,"name":"LCDES llega la tienda de La Cr\u00f3nica Desde El Sof\u00e1"}]},{"@type":"WebSite","@id":"https:\/\/davidchanza.es\/blog\/#website","url":"https:\/\/davidchanza.es\/blog\/","name":"David Chanz\u00e1 T\u00e9llez","description":"Creando futuros Agassis &amp; Steffis, Lacustre, NBA MVP, zapatillero, viciado musical, web jedi y JUG\u00d3N.","publisher":{"@id":"https:\/\/davidchanza.es\/blog\/#\/schema\/person\/344c7edff3a3f494fbaab0a0be411229"},"potentialAction":[{"@type":"SearchAction","target":{"@type":"EntryPoint","urlTemplate":"https:\/\/davidchanza.es\/blog\/?s={search_term_string}"},"query-input":{"@type":"PropertyValueSpecification","valueRequired":true,"valueName":"search_term_string"}}],"inLanguage":"es"},{"@type":["Person","Organization"],"@id":"https:\/\/davidchanza.es\/blog\/#\/schema\/person\/344c7edff3a3f494fbaab0a0be411229","name":"David Chanz\u00e1 T\u00e9llez","image":{"@type":"ImageObject","inLanguage":"es","@id":"https:\/\/davidchanza.es\/blog\/#\/schema\/person\/image\/","url":"https:\/\/davidchanza.es\/blog\/wp-content\/uploads\/cropped-logo.jpg","contentUrl":"https:\/\/davidchanza.es\/blog\/wp-content\/uploads\/cropped-logo.jpg","width":512,"height":512,"caption":"David Chanz\u00e1 T\u00e9llez"},"logo":{"@id":"https:\/\/davidchanza.es\/blog\/#\/schema\/person\/image\/"},"sameAs":["http:\/\/davidchanza.es","https:\/\/instagram.com\/davidchanza","https:\/\/x.com\/davidchanza"],"url":"https:\/\/davidchanza.es\/blog\/author\/david\/"}]}},"_links":{"self":[{"href":"https:\/\/davidchanza.es\/blog\/wp-json\/wp\/v2\/posts\/4046","targetHints":{"allow":["GET"]}}],"collection":[{"href":"https:\/\/davidchanza.es\/blog\/wp-json\/wp\/v2\/posts"}],"about":[{"href":"https:\/\/davidchanza.es\/blog\/wp-json\/wp\/v2\/types\/post"}],"author":[{"embeddable":true,"href":"https:\/\/davidchanza.es\/blog\/wp-json\/wp\/v2\/users\/1"}],"replies":[{"embeddable":true,"href":"https:\/\/davidchanza.es\/blog\/wp-json\/wp\/v2\/comments?post=4046"}],"version-history":[{"count":1,"href":"https:\/\/davidchanza.es\/blog\/wp-json\/wp\/v2\/posts\/4046\/revisions"}],"predecessor-version":[{"id":4047,"href":"https:\/\/davidchanza.es\/blog\/wp-json\/wp\/v2\/posts\/4046\/revisions\/4047"}],"wp:attachment":[{"href":"https:\/\/davidchanza.es\/blog\/wp-json\/wp\/v2\/media?parent=4046"}],"wp:term":[{"taxonomy":"category","embeddable":true,"href":"https:\/\/davidchanza.es\/blog\/wp-json\/wp\/v2\/categories?post=4046"},{"taxonomy":"post_tag","embeddable":true,"href":"https:\/\/davidchanza.es\/blog\/wp-json\/wp\/v2\/tags?post=4046"}],"curies":[{"name":"wp","href":"https:\/\/api.w.org\/{rel}","templated":true}]}}