{"id":4043,"date":"2012-12-20T19:22:52","date_gmt":"2012-12-20T17:22:52","guid":{"rendered":"http:\/\/dvdwebz.es\/blog\/?p=4043"},"modified":"2012-12-20T19:22:52","modified_gmt":"2012-12-20T17:22:52","slug":"adios-instagram-hola-flickr-de-nuev","status":"publish","type":"post","link":"https:\/\/davidchanza.es\/blog\/2012\/12\/20\/adios-instagram-hola-flickr-de-nuev\/","title":{"rendered":"Adi\u00f3s Instagram, Hola Flickr (de nuevo)"},"content":{"rendered":"<p><a title=\"Hola! by dvdwebz, on Flickr\" href=\"http:\/\/www.flickr.com\/photos\/dvdwebz\/8291881780\/\"><img loading=\"lazy\" decoding=\"async\" src=\"http:\/\/farm9.staticflickr.com\/8357\/8291881780_5c13d0f9d2.jpg\" alt=\"Hola!\" width=\"375\" height=\"500\" \/><\/a><\/p>\n<p>Esta semana pasada hemos vivido uno de esos d\u00edas donde las redes sociales se tambalean, todo despu\u00e9s de que <a href=\"http:\/\/instagram.com\/about\/legal\/terms\/updated\/\">Instagram anunciara su nueva ToS<\/a>, donde m\u00e1s o menos ven\u00eda a decir \u00abp<em>uedo coger tus fotos y sin avisarte, usarlas para fines econ\u00f3micos&#8230; ah! y no vas a ver un duro<\/em>\u00bb y boom, <a href=\"http:\/\/www.bbc.co.uk\/news\/technology-20767537#sa-ns_mchannel=rss&amp;ns_source=PublicRSS20-sa\">reacciones por doquier<\/a>.<\/p>\n<p>Lo primero que hice fue leerme tranquilamente tanto las viejas condiciones como las nuevas y efectivamente, seg\u00fan lo que se lee, entiendes lo que he dicho antes. As\u00ed que no dude ni un instante y <strong>borre mi cuenta de Instagram<\/strong>, todo sea dicho, era perfecto para la cutre c\u00e1mara del iPad 2, eso s\u00ed, sin app nativa, pero ese es otro cantar&#8230; Es curioso como al cabo de las horas, <a href=\"http:\/\/blog.instagram.com\/post\/38252135408\/thank-you-and-were-listening\">Instagram en su blog<\/a> dec\u00eda algo as\u00ed como \u00ab<em>oye! que lo hab\u00e9is entendido mal!!!<\/em>\u00ab. Pero el mal ya estaba hecho.<\/p>\n<p>Con lo cual, empec\u00e9 a mirar nuevas posibilidades y me qued\u00e9 con <a href=\"http:\/\/www.flickr.com\/dvdwebz\">Flickr<\/a>, la cual curiosamente acababa de cerrar no hace mucho&#8230; cosas de la vida. As\u00ed que vuelvo a Flickr, eso s\u00ed, <strong>no esper\u00e9is fotos de reflex de paisajes id\u00edlicos<\/strong>, no, va a ser mi criadero de fotos del iPad para compartirlas con el mundo mundial.<\/p>\n<p><strong>La moraleja de todo esto son las redes sociales en general<\/strong> y su &#8216;<em>letra peque\u00f1a<\/em>&#8216; la cual nunca leemos. Soy de la teor\u00eda de que no pongas en internet aquello que no quieres que se vea, y as\u00ed sigo, de ah\u00ed que mis fotos sean de lo m\u00e1s asepticas y sin mostrar casi nada. Y as\u00ed voy a seguir, ahora en <strong>Flickr<\/strong>.<\/p>\n<p>&nbsp;<\/p>\n","protected":false},"excerpt":{"rendered":"<p>Esta semana pasada hemos vivido uno de esos d\u00edas donde las redes sociales se tambalean, todo despu\u00e9s de que Instagram anunciara su nueva ToS, donde m\u00e1s o menos ven\u00eda a decir \u00abpuedo coger tus fotos y sin avisarte, usarlas para fines econ\u00f3micos&#8230; ah! y no vas a ver un duro\u00bb y boom, reacciones por doquier. [&hellip;]<\/p>\n","protected":false},"author":1,"featured_media":0,"comment_status":"open","ping_status":"open","sticky":false,"template":"","format":"standard","meta":{"footnotes":""},"categories":[12],"tags":[],"class_list":["post-4043","post","type-post","status-publish","format-standard","hentry","category-friki-word-30"],"yoast_head":"<!-- This site is optimized with the Yoast SEO plugin v23.8 - https:\/\/yoast.com\/wordpress\/plugins\/seo\/ -->\n<title>Adi\u00f3s Instagram, Hola Flickr (de nuevo) - David Chanz\u00e1 T\u00e9llez<\/title>\n<meta name=\"robots\" content=\"index, follow, max-snippet:-1, max-image-preview:large, max-video-preview:-1\" \/>\n<link rel=\"canonical\" href=\"https:\/\/davidchanza.es\/blog\/2012\/12\/20\/adios-instagram-hola-flickr-de-nuev\/\" \/>\n<meta property=\"og:locale\" content=\"es_ES\" \/>\n<meta property=\"og:type\" content=\"article\" \/>\n<meta property=\"og:title\" content=\"Adi\u00f3s Instagram, Hola Flickr (de nuevo) - David Chanz\u00e1 T\u00e9llez\" \/>\n<meta property=\"og:description\" content=\"Esta semana pasada hemos vivido uno de esos d\u00edas donde las redes sociales se tambalean, todo despu\u00e9s de que Instagram anunciara su nueva ToS, donde m\u00e1s o menos ven\u00eda a decir \u00abpuedo coger tus fotos y sin avisarte, usarlas para fines econ\u00f3micos&#8230; ah! y no vas a ver un duro\u00bb y boom, reacciones por doquier. [&hellip;]\" \/>\n<meta property=\"og:url\" content=\"https:\/\/davidchanza.es\/blog\/2012\/12\/20\/adios-instagram-hola-flickr-de-nuev\/\" \/>\n<meta property=\"og:site_name\" content=\"David Chanz\u00e1 T\u00e9llez\" \/>\n<meta property=\"article:published_time\" content=\"2012-12-20T17:22:52+00:00\" \/>\n<meta property=\"og:image\" content=\"http:\/\/farm9.staticflickr.com\/8357\/8291881780_5c13d0f9d2.jpg\" \/>\n<meta name=\"author\" content=\"David Chanz\u00e1 T\u00e9llez\" \/>\n<meta name=\"twitter:card\" content=\"summary_large_image\" \/>\n<meta name=\"twitter:creator\" content=\"@davidchanza\" \/>\n<meta name=\"twitter:site\" content=\"@davidchanza\" \/>\n<meta name=\"twitter:label1\" content=\"Escrito por\" \/>\n\t<meta name=\"twitter:data1\" content=\"David Chanz\u00e1 T\u00e9llez\" \/>\n\t<meta name=\"twitter:label2\" content=\"Tiempo de lectura\" \/>\n\t<meta name=\"twitter:data2\" content=\"1 minuto\" \/>\n<script type=\"application\/ld+json\" class=\"yoast-schema-graph\">{\"@context\":\"https:\/\/schema.org\",\"@graph\":[{\"@type\":\"Article\",\"@id\":\"https:\/\/davidchanza.es\/blog\/2012\/12\/20\/adios-instagram-hola-flickr-de-nuev\/#article\",\"isPartOf\":{\"@id\":\"https:\/\/davidchanza.es\/blog\/2012\/12\/20\/adios-instagram-hola-flickr-de-nuev\/\"},\"author\":{\"name\":\"David Chanz\u00e1 T\u00e9llez\",\"@id\":\"https:\/\/davidchanza.es\/blog\/#\/schema\/person\/344c7edff3a3f494fbaab0a0be411229\"},\"headline\":\"Adi\u00f3s Instagram, Hola Flickr (de nuevo)\",\"datePublished\":\"2012-12-20T17:22:52+00:00\",\"dateModified\":\"2012-12-20T17:22:52+00:00\",\"mainEntityOfPage\":{\"@id\":\"https:\/\/davidchanza.es\/blog\/2012\/12\/20\/adios-instagram-hola-flickr-de-nuev\/\"},\"wordCount\":285,\"commentCount\":0,\"publisher\":{\"@id\":\"https:\/\/davidchanza.es\/blog\/#\/schema\/person\/344c7edff3a3f494fbaab0a0be411229\"},\"image\":{\"@id\":\"https:\/\/davidchanza.es\/blog\/2012\/12\/20\/adios-instagram-hola-flickr-de-nuev\/#primaryimage\"},\"thumbnailUrl\":\"http:\/\/farm9.staticflickr.com\/8357\/8291881780_5c13d0f9d2.jpg\",\"articleSection\":[\"Friki World 2.4\"],\"inLanguage\":\"es\",\"potentialAction\":[{\"@type\":\"CommentAction\",\"name\":\"Comment\",\"target\":[\"https:\/\/davidchanza.es\/blog\/2012\/12\/20\/adios-instagram-hola-flickr-de-nuev\/#respond\"]}]},{\"@type\":\"WebPage\",\"@id\":\"https:\/\/davidchanza.es\/blog\/2012\/12\/20\/adios-instagram-hola-flickr-de-nuev\/\",\"url\":\"https:\/\/davidchanza.es\/blog\/2012\/12\/20\/adios-instagram-hola-flickr-de-nuev\/\",\"name\":\"Adi\u00f3s Instagram, Hola Flickr (de nuevo) - David Chanz\u00e1 T\u00e9llez\",\"isPartOf\":{\"@id\":\"https:\/\/davidchanza.es\/blog\/#website\"},\"primaryImageOfPage\":{\"@id\":\"https:\/\/davidchanza.es\/blog\/2012\/12\/20\/adios-instagram-hola-flickr-de-nuev\/#primaryimage\"},\"image\":{\"@id\":\"https:\/\/davidchanza.es\/blog\/2012\/12\/20\/adios-instagram-hola-flickr-de-nuev\/#primaryimage\"},\"thumbnailUrl\":\"http:\/\/farm9.staticflickr.com\/8357\/8291881780_5c13d0f9d2.jpg\",\"datePublished\":\"2012-12-20T17:22:52+00:00\",\"dateModified\":\"2012-12-20T17:22:52+00:00\",\"breadcrumb\":{\"@id\":\"https:\/\/davidchanza.es\/blog\/2012\/12\/20\/adios-instagram-hola-flickr-de-nuev\/#breadcrumb\"},\"inLanguage\":\"es\",\"potentialAction\":[{\"@type\":\"ReadAction\",\"target\":[\"https:\/\/davidchanza.es\/blog\/2012\/12\/20\/adios-instagram-hola-flickr-de-nuev\/\"]}]},{\"@type\":\"ImageObject\",\"inLanguage\":\"es\",\"@id\":\"https:\/\/davidchanza.es\/blog\/2012\/12\/20\/adios-instagram-hola-flickr-de-nuev\/#primaryimage\",\"url\":\"http:\/\/farm9.staticflickr.com\/8357\/8291881780_5c13d0f9d2.jpg\",\"contentUrl\":\"http:\/\/farm9.staticflickr.com\/8357\/8291881780_5c13d0f9d2.jpg\"},{\"@type\":\"BreadcrumbList\",\"@id\":\"https:\/\/davidchanza.es\/blog\/2012\/12\/20\/adios-instagram-hola-flickr-de-nuev\/#breadcrumb\",\"itemListElement\":[{\"@type\":\"ListItem\",\"position\":1,\"name\":\"Portada\",\"item\":\"https:\/\/davidchanza.es\/blog\/\"},{\"@type\":\"ListItem\",\"position\":2,\"name\":\"Adi\u00f3s Instagram, Hola Flickr (de nuevo)\"}]},{\"@type\":\"WebSite\",\"@id\":\"https:\/\/davidchanza.es\/blog\/#website\",\"url\":\"https:\/\/davidchanza.es\/blog\/\",\"name\":\"David Chanz\u00e1 T\u00e9llez\",\"description\":\"Creando futuros Agassis &amp; Steffis, Lacustre, NBA MVP, zapatillero, viciado musical, web jedi y JUG\u00d3N.\",\"publisher\":{\"@id\":\"https:\/\/davidchanza.es\/blog\/#\/schema\/person\/344c7edff3a3f494fbaab0a0be411229\"},\"potentialAction\":[{\"@type\":\"SearchAction\",\"target\":{\"@type\":\"EntryPoint\",\"urlTemplate\":\"https:\/\/davidchanza.es\/blog\/?s={search_term_string}\"},\"query-input\":{\"@type\":\"PropertyValueSpecification\",\"valueRequired\":true,\"valueName\":\"search_term_string\"}}],\"inLanguage\":\"es\"},{\"@type\":[\"Person\",\"Organization\"],\"@id\":\"https:\/\/davidchanza.es\/blog\/#\/schema\/person\/344c7edff3a3f494fbaab0a0be411229\",\"name\":\"David Chanz\u00e1 T\u00e9llez\",\"image\":{\"@type\":\"ImageObject\",\"inLanguage\":\"es\",\"@id\":\"https:\/\/davidchanza.es\/blog\/#\/schema\/person\/image\/\",\"url\":\"https:\/\/davidchanza.es\/blog\/wp-content\/uploads\/cropped-logo.jpg\",\"contentUrl\":\"https:\/\/davidchanza.es\/blog\/wp-content\/uploads\/cropped-logo.jpg\",\"width\":512,\"height\":512,\"caption\":\"David Chanz\u00e1 T\u00e9llez\"},\"logo\":{\"@id\":\"https:\/\/davidchanza.es\/blog\/#\/schema\/person\/image\/\"},\"sameAs\":[\"http:\/\/davidchanza.es\",\"https:\/\/instagram.com\/davidchanza\",\"https:\/\/x.com\/davidchanza\"],\"url\":\"https:\/\/davidchanza.es\/blog\/author\/david\/\"}]}<\/script>\n<!-- \/ Yoast SEO plugin. -->","yoast_head_json":{"title":"Adi\u00f3s Instagram, Hola Flickr (de nuevo) - David Chanz\u00e1 T\u00e9llez","robots":{"index":"index","follow":"follow","max-snippet":"max-snippet:-1","max-image-preview":"max-image-preview:large","max-video-preview":"max-video-preview:-1"},"canonical":"https:\/\/davidchanza.es\/blog\/2012\/12\/20\/adios-instagram-hola-flickr-de-nuev\/","og_locale":"es_ES","og_type":"article","og_title":"Adi\u00f3s Instagram, Hola Flickr (de nuevo) - David Chanz\u00e1 T\u00e9llez","og_description":"Esta semana pasada hemos vivido uno de esos d\u00edas donde las redes sociales se tambalean, todo despu\u00e9s de que Instagram anunciara su nueva ToS, donde m\u00e1s o menos ven\u00eda a decir \u00abpuedo coger tus fotos y sin avisarte, usarlas para fines econ\u00f3micos&#8230; ah! y no vas a ver un duro\u00bb y boom, reacciones por doquier. [&hellip;]","og_url":"https:\/\/davidchanza.es\/blog\/2012\/12\/20\/adios-instagram-hola-flickr-de-nuev\/","og_site_name":"David Chanz\u00e1 T\u00e9llez","article_published_time":"2012-12-20T17:22:52+00:00","og_image":[{"url":"http:\/\/farm9.staticflickr.com\/8357\/8291881780_5c13d0f9d2.jpg"}],"author":"David Chanz\u00e1 T\u00e9llez","twitter_card":"summary_large_image","twitter_creator":"@davidchanza","twitter_site":"@davidchanza","twitter_misc":{"Escrito por":"David Chanz\u00e1 T\u00e9llez","Tiempo de lectura":"1 minuto"},"schema":{"@context":"https:\/\/schema.org","@graph":[{"@type":"Article","@id":"https:\/\/davidchanza.es\/blog\/2012\/12\/20\/adios-instagram-hola-flickr-de-nuev\/#article","isPartOf":{"@id":"https:\/\/davidchanza.es\/blog\/2012\/12\/20\/adios-instagram-hola-flickr-de-nuev\/"},"author":{"name":"David Chanz\u00e1 T\u00e9llez","@id":"https:\/\/davidchanza.es\/blog\/#\/schema\/person\/344c7edff3a3f494fbaab0a0be411229"},"headline":"Adi\u00f3s Instagram, Hola Flickr (de nuevo)","datePublished":"2012-12-20T17:22:52+00:00","dateModified":"2012-12-20T17:22:52+00:00","mainEntityOfPage":{"@id":"https:\/\/davidchanza.es\/blog\/2012\/12\/20\/adios-instagram-hola-flickr-de-nuev\/"},"wordCount":285,"commentCount":0,"publisher":{"@id":"https:\/\/davidchanza.es\/blog\/#\/schema\/person\/344c7edff3a3f494fbaab0a0be411229"},"image":{"@id":"https:\/\/davidchanza.es\/blog\/2012\/12\/20\/adios-instagram-hola-flickr-de-nuev\/#primaryimage"},"thumbnailUrl":"http:\/\/farm9.staticflickr.com\/8357\/8291881780_5c13d0f9d2.jpg","articleSection":["Friki World 2.4"],"inLanguage":"es","potentialAction":[{"@type":"CommentAction","name":"Comment","target":["https:\/\/davidchanza.es\/blog\/2012\/12\/20\/adios-instagram-hola-flickr-de-nuev\/#respond"]}]},{"@type":"WebPage","@id":"https:\/\/davidchanza.es\/blog\/2012\/12\/20\/adios-instagram-hola-flickr-de-nuev\/","url":"https:\/\/davidchanza.es\/blog\/2012\/12\/20\/adios-instagram-hola-flickr-de-nuev\/","name":"Adi\u00f3s Instagram, Hola Flickr (de nuevo) - David Chanz\u00e1 T\u00e9llez","isPartOf":{"@id":"https:\/\/davidchanza.es\/blog\/#website"},"primaryImageOfPage":{"@id":"https:\/\/davidchanza.es\/blog\/2012\/12\/20\/adios-instagram-hola-flickr-de-nuev\/#primaryimage"},"image":{"@id":"https:\/\/davidchanza.es\/blog\/2012\/12\/20\/adios-instagram-hola-flickr-de-nuev\/#primaryimage"},"thumbnailUrl":"http:\/\/farm9.staticflickr.com\/8357\/8291881780_5c13d0f9d2.jpg","datePublished":"2012-12-20T17:22:52+00:00","dateModified":"2012-12-20T17:22:52+00:00","breadcrumb":{"@id":"https:\/\/davidchanza.es\/blog\/2012\/12\/20\/adios-instagram-hola-flickr-de-nuev\/#breadcrumb"},"inLanguage":"es","potentialAction":[{"@type":"ReadAction","target":["https:\/\/davidchanza.es\/blog\/2012\/12\/20\/adios-instagram-hola-flickr-de-nuev\/"]}]},{"@type":"ImageObject","inLanguage":"es","@id":"https:\/\/davidchanza.es\/blog\/2012\/12\/20\/adios-instagram-hola-flickr-de-nuev\/#primaryimage","url":"http:\/\/farm9.staticflickr.com\/8357\/8291881780_5c13d0f9d2.jpg","contentUrl":"http:\/\/farm9.staticflickr.com\/8357\/8291881780_5c13d0f9d2.jpg"},{"@type":"BreadcrumbList","@id":"https:\/\/davidchanza.es\/blog\/2012\/12\/20\/adios-instagram-hola-flickr-de-nuev\/#breadcrumb","itemListElement":[{"@type":"ListItem","position":1,"name":"Portada","item":"https:\/\/davidchanza.es\/blog\/"},{"@type":"ListItem","position":2,"name":"Adi\u00f3s Instagram, Hola Flickr (de nuevo)"}]},{"@type":"WebSite","@id":"https:\/\/davidchanza.es\/blog\/#website","url":"https:\/\/davidchanza.es\/blog\/","name":"David Chanz\u00e1 T\u00e9llez","description":"Creando futuros Agassis &amp; Steffis, Lacustre, NBA MVP, zapatillero, viciado musical, web jedi y JUG\u00d3N.","publisher":{"@id":"https:\/\/davidchanza.es\/blog\/#\/schema\/person\/344c7edff3a3f494fbaab0a0be411229"},"potentialAction":[{"@type":"SearchAction","target":{"@type":"EntryPoint","urlTemplate":"https:\/\/davidchanza.es\/blog\/?s={search_term_string}"},"query-input":{"@type":"PropertyValueSpecification","valueRequired":true,"valueName":"search_term_string"}}],"inLanguage":"es"},{"@type":["Person","Organization"],"@id":"https:\/\/davidchanza.es\/blog\/#\/schema\/person\/344c7edff3a3f494fbaab0a0be411229","name":"David Chanz\u00e1 T\u00e9llez","image":{"@type":"ImageObject","inLanguage":"es","@id":"https:\/\/davidchanza.es\/blog\/#\/schema\/person\/image\/","url":"https:\/\/davidchanza.es\/blog\/wp-content\/uploads\/cropped-logo.jpg","contentUrl":"https:\/\/davidchanza.es\/blog\/wp-content\/uploads\/cropped-logo.jpg","width":512,"height":512,"caption":"David Chanz\u00e1 T\u00e9llez"},"logo":{"@id":"https:\/\/davidchanza.es\/blog\/#\/schema\/person\/image\/"},"sameAs":["http:\/\/davidchanza.es","https:\/\/instagram.com\/davidchanza","https:\/\/x.com\/davidchanza"],"url":"https:\/\/davidchanza.es\/blog\/author\/david\/"}]}},"_links":{"self":[{"href":"https:\/\/davidchanza.es\/blog\/wp-json\/wp\/v2\/posts\/4043","targetHints":{"allow":["GET"]}}],"collection":[{"href":"https:\/\/davidchanza.es\/blog\/wp-json\/wp\/v2\/posts"}],"about":[{"href":"https:\/\/davidchanza.es\/blog\/wp-json\/wp\/v2\/types\/post"}],"author":[{"embeddable":true,"href":"https:\/\/davidchanza.es\/blog\/wp-json\/wp\/v2\/users\/1"}],"replies":[{"embeddable":true,"href":"https:\/\/davidchanza.es\/blog\/wp-json\/wp\/v2\/comments?post=4043"}],"version-history":[{"count":2,"href":"https:\/\/davidchanza.es\/blog\/wp-json\/wp\/v2\/posts\/4043\/revisions"}],"predecessor-version":[{"id":4045,"href":"https:\/\/davidchanza.es\/blog\/wp-json\/wp\/v2\/posts\/4043\/revisions\/4045"}],"wp:attachment":[{"href":"https:\/\/davidchanza.es\/blog\/wp-json\/wp\/v2\/media?parent=4043"}],"wp:term":[{"taxonomy":"category","embeddable":true,"href":"https:\/\/davidchanza.es\/blog\/wp-json\/wp\/v2\/categories?post=4043"},{"taxonomy":"post_tag","embeddable":true,"href":"https:\/\/davidchanza.es\/blog\/wp-json\/wp\/v2\/tags?post=4043"}],"curies":[{"name":"wp","href":"https:\/\/api.w.org\/{rel}","templated":true}]}}