{"id":3970,"date":"2012-09-01T18:16:42","date_gmt":"2012-09-01T16:16:42","guid":{"rendered":"http:\/\/dvdwebz.es\/blog\/?p=3970"},"modified":"2012-09-01T18:16:42","modified_gmt":"2012-09-01T16:16:42","slug":"la-nueva-imagen-de-tbt-the-black-time","status":"publish","type":"post","link":"https:\/\/davidchanza.es\/blog\/2012\/09\/01\/la-nueva-imagen-de-tbt-the-black-time\/","title":{"rendered":"La nueva imagen de TBT: The Black Time"},"content":{"rendered":"<p><img loading=\"lazy\" decoding=\"async\" class=\"alignnone\" title=\"TBT\" src=\"http:\/\/theblacktime.com\/logo.jpg\" alt=\"\" width=\"500\" height=\"276\" \/><\/p>\n<p>Hoy primer d\u00eda del mes de septiembre hemos presentado la nueva imagen de <strong>TBT: The Black Time<\/strong>. Despu\u00e9s de m\u00e1s de 11 a\u00f1os con el mismo logo, es tiempo para darle un peque\u00f1o lavado de imagen a la marca TBT.<\/p>\n<p>El circulo se abre y deja paso a un <strong>TBT m\u00e1s abierto y con ganas de llegar a m\u00e1s gente<\/strong>&#8230; y esto es s\u00f3lo el principio, muy pronto la nueva web&#8230; y m\u00e1s&#8230;<\/p>\n<p>+ <a href=\"http:\/\/theblacktime.com\">TBT: The Black Time<\/a><\/p>\n","protected":false},"excerpt":{"rendered":"<p>Hoy primer d\u00eda del mes de septiembre hemos presentado la nueva imagen de TBT: The Black Time. Despu\u00e9s de m\u00e1s de 11 a\u00f1os con el mismo logo, es tiempo para darle un peque\u00f1o lavado de imagen a la marca TBT. El circulo se abre y deja paso a un TBT m\u00e1s abierto y con ganas [&hellip;]<\/p>\n","protected":false},"author":1,"featured_media":3972,"comment_status":"open","ping_status":"open","sticky":false,"template":"","format":"standard","meta":{"footnotes":""},"categories":[6],"tags":[],"class_list":["post-3970","post","type-post","status-publish","format-standard","has-post-thumbnail","hentry","category-dvdwebz"],"yoast_head":"<!-- This site is optimized with the Yoast SEO plugin v23.8 - https:\/\/yoast.com\/wordpress\/plugins\/seo\/ -->\n<title>La nueva imagen de TBT: The Black Time - David Chanz\u00e1 T\u00e9llez<\/title>\n<meta name=\"robots\" content=\"index, follow, max-snippet:-1, max-image-preview:large, max-video-preview:-1\" \/>\n<link rel=\"canonical\" href=\"https:\/\/davidchanza.es\/blog\/2012\/09\/01\/la-nueva-imagen-de-tbt-the-black-time\/\" \/>\n<meta property=\"og:locale\" content=\"es_ES\" \/>\n<meta property=\"og:type\" content=\"article\" \/>\n<meta property=\"og:title\" content=\"La nueva imagen de TBT: The Black Time - David Chanz\u00e1 T\u00e9llez\" \/>\n<meta property=\"og:description\" content=\"Hoy primer d\u00eda del mes de septiembre hemos presentado la nueva imagen de TBT: The Black Time. Despu\u00e9s de m\u00e1s de 11 a\u00f1os con el mismo logo, es tiempo para darle un peque\u00f1o lavado de imagen a la marca TBT. El circulo se abre y deja paso a un TBT m\u00e1s abierto y con ganas [&hellip;]\" \/>\n<meta property=\"og:url\" content=\"https:\/\/davidchanza.es\/blog\/2012\/09\/01\/la-nueva-imagen-de-tbt-the-black-time\/\" \/>\n<meta property=\"og:site_name\" content=\"David Chanz\u00e1 T\u00e9llez\" \/>\n<meta property=\"article:published_time\" content=\"2012-09-01T16:16:42+00:00\" \/>\n<meta property=\"og:image\" content=\"https:\/\/davidchanza.es\/blog\/wp-content\/uploads\/Captura-de-pantalla-2012-09-01-a-las-18.14.12.png\" \/>\n\t<meta property=\"og:image:width\" content=\"200\" \/>\n\t<meta property=\"og:image:height\" content=\"200\" \/>\n\t<meta property=\"og:image:type\" content=\"image\/png\" \/>\n<meta name=\"author\" content=\"David Chanz\u00e1 T\u00e9llez\" \/>\n<meta name=\"twitter:card\" content=\"summary_large_image\" \/>\n<meta name=\"twitter:creator\" content=\"@davidchanza\" \/>\n<meta name=\"twitter:site\" content=\"@davidchanza\" \/>\n<meta name=\"twitter:label1\" content=\"Escrito por\" \/>\n\t<meta name=\"twitter:data1\" content=\"David Chanz\u00e1 T\u00e9llez\" \/>\n<script type=\"application\/ld+json\" class=\"yoast-schema-graph\">{\"@context\":\"https:\/\/schema.org\",\"@graph\":[{\"@type\":\"Article\",\"@id\":\"https:\/\/davidchanza.es\/blog\/2012\/09\/01\/la-nueva-imagen-de-tbt-the-black-time\/#article\",\"isPartOf\":{\"@id\":\"https:\/\/davidchanza.es\/blog\/2012\/09\/01\/la-nueva-imagen-de-tbt-the-black-time\/\"},\"author\":{\"name\":\"David Chanz\u00e1 T\u00e9llez\",\"@id\":\"https:\/\/davidchanza.es\/blog\/#\/schema\/person\/344c7edff3a3f494fbaab0a0be411229\"},\"headline\":\"La nueva imagen de TBT: The Black Time\",\"datePublished\":\"2012-09-01T16:16:42+00:00\",\"dateModified\":\"2012-09-01T16:16:42+00:00\",\"mainEntityOfPage\":{\"@id\":\"https:\/\/davidchanza.es\/blog\/2012\/09\/01\/la-nueva-imagen-de-tbt-the-black-time\/\"},\"wordCount\":93,\"commentCount\":0,\"publisher\":{\"@id\":\"https:\/\/davidchanza.es\/blog\/#\/schema\/person\/344c7edff3a3f494fbaab0a0be411229\"},\"image\":{\"@id\":\"https:\/\/davidchanza.es\/blog\/2012\/09\/01\/la-nueva-imagen-de-tbt-the-black-time\/#primaryimage\"},\"thumbnailUrl\":\"https:\/\/davidchanza.es\/blog\/wp-content\/uploads\/Captura-de-pantalla-2012-09-01-a-las-18.14.12.png\",\"articleSection\":[\"dvdwebz\"],\"inLanguage\":\"es\",\"potentialAction\":[{\"@type\":\"CommentAction\",\"name\":\"Comment\",\"target\":[\"https:\/\/davidchanza.es\/blog\/2012\/09\/01\/la-nueva-imagen-de-tbt-the-black-time\/#respond\"]}]},{\"@type\":\"WebPage\",\"@id\":\"https:\/\/davidchanza.es\/blog\/2012\/09\/01\/la-nueva-imagen-de-tbt-the-black-time\/\",\"url\":\"https:\/\/davidchanza.es\/blog\/2012\/09\/01\/la-nueva-imagen-de-tbt-the-black-time\/\",\"name\":\"La nueva imagen de TBT: The Black Time - David Chanz\u00e1 T\u00e9llez\",\"isPartOf\":{\"@id\":\"https:\/\/davidchanza.es\/blog\/#website\"},\"primaryImageOfPage\":{\"@id\":\"https:\/\/davidchanza.es\/blog\/2012\/09\/01\/la-nueva-imagen-de-tbt-the-black-time\/#primaryimage\"},\"image\":{\"@id\":\"https:\/\/davidchanza.es\/blog\/2012\/09\/01\/la-nueva-imagen-de-tbt-the-black-time\/#primaryimage\"},\"thumbnailUrl\":\"https:\/\/davidchanza.es\/blog\/wp-content\/uploads\/Captura-de-pantalla-2012-09-01-a-las-18.14.12.png\",\"datePublished\":\"2012-09-01T16:16:42+00:00\",\"dateModified\":\"2012-09-01T16:16:42+00:00\",\"breadcrumb\":{\"@id\":\"https:\/\/davidchanza.es\/blog\/2012\/09\/01\/la-nueva-imagen-de-tbt-the-black-time\/#breadcrumb\"},\"inLanguage\":\"es\",\"potentialAction\":[{\"@type\":\"ReadAction\",\"target\":[\"https:\/\/davidchanza.es\/blog\/2012\/09\/01\/la-nueva-imagen-de-tbt-the-black-time\/\"]}]},{\"@type\":\"ImageObject\",\"inLanguage\":\"es\",\"@id\":\"https:\/\/davidchanza.es\/blog\/2012\/09\/01\/la-nueva-imagen-de-tbt-the-black-time\/#primaryimage\",\"url\":\"https:\/\/davidchanza.es\/blog\/wp-content\/uploads\/Captura-de-pantalla-2012-09-01-a-las-18.14.12.png\",\"contentUrl\":\"https:\/\/davidchanza.es\/blog\/wp-content\/uploads\/Captura-de-pantalla-2012-09-01-a-las-18.14.12.png\",\"width\":\"200\",\"height\":\"200\"},{\"@type\":\"BreadcrumbList\",\"@id\":\"https:\/\/davidchanza.es\/blog\/2012\/09\/01\/la-nueva-imagen-de-tbt-the-black-time\/#breadcrumb\",\"itemListElement\":[{\"@type\":\"ListItem\",\"position\":1,\"name\":\"Portada\",\"item\":\"https:\/\/davidchanza.es\/blog\/\"},{\"@type\":\"ListItem\",\"position\":2,\"name\":\"La nueva imagen de TBT: The Black Time\"}]},{\"@type\":\"WebSite\",\"@id\":\"https:\/\/davidchanza.es\/blog\/#website\",\"url\":\"https:\/\/davidchanza.es\/blog\/\",\"name\":\"David Chanz\u00e1 T\u00e9llez\",\"description\":\"Creando futuros Agassis &amp; Steffis, Lacustre, NBA MVP, zapatillero, viciado musical, web jedi y JUG\u00d3N.\",\"publisher\":{\"@id\":\"https:\/\/davidchanza.es\/blog\/#\/schema\/person\/344c7edff3a3f494fbaab0a0be411229\"},\"potentialAction\":[{\"@type\":\"SearchAction\",\"target\":{\"@type\":\"EntryPoint\",\"urlTemplate\":\"https:\/\/davidchanza.es\/blog\/?s={search_term_string}\"},\"query-input\":{\"@type\":\"PropertyValueSpecification\",\"valueRequired\":true,\"valueName\":\"search_term_string\"}}],\"inLanguage\":\"es\"},{\"@type\":[\"Person\",\"Organization\"],\"@id\":\"https:\/\/davidchanza.es\/blog\/#\/schema\/person\/344c7edff3a3f494fbaab0a0be411229\",\"name\":\"David Chanz\u00e1 T\u00e9llez\",\"image\":{\"@type\":\"ImageObject\",\"inLanguage\":\"es\",\"@id\":\"https:\/\/davidchanza.es\/blog\/#\/schema\/person\/image\/\",\"url\":\"https:\/\/davidchanza.es\/blog\/wp-content\/uploads\/cropped-logo.jpg\",\"contentUrl\":\"https:\/\/davidchanza.es\/blog\/wp-content\/uploads\/cropped-logo.jpg\",\"width\":512,\"height\":512,\"caption\":\"David Chanz\u00e1 T\u00e9llez\"},\"logo\":{\"@id\":\"https:\/\/davidchanza.es\/blog\/#\/schema\/person\/image\/\"},\"sameAs\":[\"http:\/\/davidchanza.es\",\"https:\/\/instagram.com\/davidchanza\",\"https:\/\/x.com\/davidchanza\"],\"url\":\"https:\/\/davidchanza.es\/blog\/author\/david\/\"}]}<\/script>\n<!-- \/ Yoast SEO plugin. -->","yoast_head_json":{"title":"La nueva imagen de TBT: The Black Time - David Chanz\u00e1 T\u00e9llez","robots":{"index":"index","follow":"follow","max-snippet":"max-snippet:-1","max-image-preview":"max-image-preview:large","max-video-preview":"max-video-preview:-1"},"canonical":"https:\/\/davidchanza.es\/blog\/2012\/09\/01\/la-nueva-imagen-de-tbt-the-black-time\/","og_locale":"es_ES","og_type":"article","og_title":"La nueva imagen de TBT: The Black Time - David Chanz\u00e1 T\u00e9llez","og_description":"Hoy primer d\u00eda del mes de septiembre hemos presentado la nueva imagen de TBT: The Black Time. Despu\u00e9s de m\u00e1s de 11 a\u00f1os con el mismo logo, es tiempo para darle un peque\u00f1o lavado de imagen a la marca TBT. El circulo se abre y deja paso a un TBT m\u00e1s abierto y con ganas [&hellip;]","og_url":"https:\/\/davidchanza.es\/blog\/2012\/09\/01\/la-nueva-imagen-de-tbt-the-black-time\/","og_site_name":"David Chanz\u00e1 T\u00e9llez","article_published_time":"2012-09-01T16:16:42+00:00","og_image":[{"width":200,"height":200,"url":"https:\/\/davidchanza.es\/blog\/wp-content\/uploads\/Captura-de-pantalla-2012-09-01-a-las-18.14.12.png","type":"image\/png"}],"author":"David Chanz\u00e1 T\u00e9llez","twitter_card":"summary_large_image","twitter_creator":"@davidchanza","twitter_site":"@davidchanza","twitter_misc":{"Escrito por":"David Chanz\u00e1 T\u00e9llez"},"schema":{"@context":"https:\/\/schema.org","@graph":[{"@type":"Article","@id":"https:\/\/davidchanza.es\/blog\/2012\/09\/01\/la-nueva-imagen-de-tbt-the-black-time\/#article","isPartOf":{"@id":"https:\/\/davidchanza.es\/blog\/2012\/09\/01\/la-nueva-imagen-de-tbt-the-black-time\/"},"author":{"name":"David Chanz\u00e1 T\u00e9llez","@id":"https:\/\/davidchanza.es\/blog\/#\/schema\/person\/344c7edff3a3f494fbaab0a0be411229"},"headline":"La nueva imagen de TBT: The Black Time","datePublished":"2012-09-01T16:16:42+00:00","dateModified":"2012-09-01T16:16:42+00:00","mainEntityOfPage":{"@id":"https:\/\/davidchanza.es\/blog\/2012\/09\/01\/la-nueva-imagen-de-tbt-the-black-time\/"},"wordCount":93,"commentCount":0,"publisher":{"@id":"https:\/\/davidchanza.es\/blog\/#\/schema\/person\/344c7edff3a3f494fbaab0a0be411229"},"image":{"@id":"https:\/\/davidchanza.es\/blog\/2012\/09\/01\/la-nueva-imagen-de-tbt-the-black-time\/#primaryimage"},"thumbnailUrl":"https:\/\/davidchanza.es\/blog\/wp-content\/uploads\/Captura-de-pantalla-2012-09-01-a-las-18.14.12.png","articleSection":["dvdwebz"],"inLanguage":"es","potentialAction":[{"@type":"CommentAction","name":"Comment","target":["https:\/\/davidchanza.es\/blog\/2012\/09\/01\/la-nueva-imagen-de-tbt-the-black-time\/#respond"]}]},{"@type":"WebPage","@id":"https:\/\/davidchanza.es\/blog\/2012\/09\/01\/la-nueva-imagen-de-tbt-the-black-time\/","url":"https:\/\/davidchanza.es\/blog\/2012\/09\/01\/la-nueva-imagen-de-tbt-the-black-time\/","name":"La nueva imagen de TBT: The Black Time - David Chanz\u00e1 T\u00e9llez","isPartOf":{"@id":"https:\/\/davidchanza.es\/blog\/#website"},"primaryImageOfPage":{"@id":"https:\/\/davidchanza.es\/blog\/2012\/09\/01\/la-nueva-imagen-de-tbt-the-black-time\/#primaryimage"},"image":{"@id":"https:\/\/davidchanza.es\/blog\/2012\/09\/01\/la-nueva-imagen-de-tbt-the-black-time\/#primaryimage"},"thumbnailUrl":"https:\/\/davidchanza.es\/blog\/wp-content\/uploads\/Captura-de-pantalla-2012-09-01-a-las-18.14.12.png","datePublished":"2012-09-01T16:16:42+00:00","dateModified":"2012-09-01T16:16:42+00:00","breadcrumb":{"@id":"https:\/\/davidchanza.es\/blog\/2012\/09\/01\/la-nueva-imagen-de-tbt-the-black-time\/#breadcrumb"},"inLanguage":"es","potentialAction":[{"@type":"ReadAction","target":["https:\/\/davidchanza.es\/blog\/2012\/09\/01\/la-nueva-imagen-de-tbt-the-black-time\/"]}]},{"@type":"ImageObject","inLanguage":"es","@id":"https:\/\/davidchanza.es\/blog\/2012\/09\/01\/la-nueva-imagen-de-tbt-the-black-time\/#primaryimage","url":"https:\/\/davidchanza.es\/blog\/wp-content\/uploads\/Captura-de-pantalla-2012-09-01-a-las-18.14.12.png","contentUrl":"https:\/\/davidchanza.es\/blog\/wp-content\/uploads\/Captura-de-pantalla-2012-09-01-a-las-18.14.12.png","width":"200","height":"200"},{"@type":"BreadcrumbList","@id":"https:\/\/davidchanza.es\/blog\/2012\/09\/01\/la-nueva-imagen-de-tbt-the-black-time\/#breadcrumb","itemListElement":[{"@type":"ListItem","position":1,"name":"Portada","item":"https:\/\/davidchanza.es\/blog\/"},{"@type":"ListItem","position":2,"name":"La nueva imagen de TBT: The Black Time"}]},{"@type":"WebSite","@id":"https:\/\/davidchanza.es\/blog\/#website","url":"https:\/\/davidchanza.es\/blog\/","name":"David Chanz\u00e1 T\u00e9llez","description":"Creando futuros Agassis &amp; Steffis, Lacustre, NBA MVP, zapatillero, viciado musical, web jedi y JUG\u00d3N.","publisher":{"@id":"https:\/\/davidchanza.es\/blog\/#\/schema\/person\/344c7edff3a3f494fbaab0a0be411229"},"potentialAction":[{"@type":"SearchAction","target":{"@type":"EntryPoint","urlTemplate":"https:\/\/davidchanza.es\/blog\/?s={search_term_string}"},"query-input":{"@type":"PropertyValueSpecification","valueRequired":true,"valueName":"search_term_string"}}],"inLanguage":"es"},{"@type":["Person","Organization"],"@id":"https:\/\/davidchanza.es\/blog\/#\/schema\/person\/344c7edff3a3f494fbaab0a0be411229","name":"David Chanz\u00e1 T\u00e9llez","image":{"@type":"ImageObject","inLanguage":"es","@id":"https:\/\/davidchanza.es\/blog\/#\/schema\/person\/image\/","url":"https:\/\/davidchanza.es\/blog\/wp-content\/uploads\/cropped-logo.jpg","contentUrl":"https:\/\/davidchanza.es\/blog\/wp-content\/uploads\/cropped-logo.jpg","width":512,"height":512,"caption":"David Chanz\u00e1 T\u00e9llez"},"logo":{"@id":"https:\/\/davidchanza.es\/blog\/#\/schema\/person\/image\/"},"sameAs":["http:\/\/davidchanza.es","https:\/\/instagram.com\/davidchanza","https:\/\/x.com\/davidchanza"],"url":"https:\/\/davidchanza.es\/blog\/author\/david\/"}]}},"_links":{"self":[{"href":"https:\/\/davidchanza.es\/blog\/wp-json\/wp\/v2\/posts\/3970","targetHints":{"allow":["GET"]}}],"collection":[{"href":"https:\/\/davidchanza.es\/blog\/wp-json\/wp\/v2\/posts"}],"about":[{"href":"https:\/\/davidchanza.es\/blog\/wp-json\/wp\/v2\/types\/post"}],"author":[{"embeddable":true,"href":"https:\/\/davidchanza.es\/blog\/wp-json\/wp\/v2\/users\/1"}],"replies":[{"embeddable":true,"href":"https:\/\/davidchanza.es\/blog\/wp-json\/wp\/v2\/comments?post=3970"}],"version-history":[{"count":1,"href":"https:\/\/davidchanza.es\/blog\/wp-json\/wp\/v2\/posts\/3970\/revisions"}],"predecessor-version":[{"id":3973,"href":"https:\/\/davidchanza.es\/blog\/wp-json\/wp\/v2\/posts\/3970\/revisions\/3973"}],"wp:featuredmedia":[{"embeddable":true,"href":"https:\/\/davidchanza.es\/blog\/wp-json\/wp\/v2\/media\/3972"}],"wp:attachment":[{"href":"https:\/\/davidchanza.es\/blog\/wp-json\/wp\/v2\/media?parent=3970"}],"wp:term":[{"taxonomy":"category","embeddable":true,"href":"https:\/\/davidchanza.es\/blog\/wp-json\/wp\/v2\/categories?post=3970"},{"taxonomy":"post_tag","embeddable":true,"href":"https:\/\/davidchanza.es\/blog\/wp-json\/wp\/v2\/tags?post=3970"}],"curies":[{"name":"wp","href":"https:\/\/api.w.org\/{rel}","templated":true}]}}